{"id":38847,"date":"2022-05-04T16:38:13","date_gmt":"2022-05-04T16:38:13","guid":{"rendered":"https:\/\/aja.pt\/?p=38847"},"modified":"2022-05-04T16:41:27","modified_gmt":"2022-05-04T16:41:27","slug":"50-anos-de-grandola","status":"publish","type":"post","link":"https:\/\/aja.pt\/en\/50-anos-de-grandola\/","title":{"rendered":"50 anos de Gr\u00e2ndola"},"content":{"rendered":"\n<p>O 10 de maio de 1972 no pavill\u00f3n do comedor do complexo do Burgo, un grupo de estudantes da USC organizou o concerto no que o cantautor portugu\u00e9s Zeca Afonso interpretou, por primeira vez en p\u00fablico, a canci\u00f3n \u2018Gr\u00e2ndola, Vila Morena\u2019, emblema da revoluci\u00f3n que puxo fin \u00e1 ditadura portuguesa. Cincuenta anos despois, os acordes deste tema volver\u00e1n soar na USC grazas ao acto conmemorativo que o vindeiro martes 10 de maio acoller\u00e1 o Auditorio da Facultade de Filolox\u00eda a partir das 19.00 horas.<\/p>\n\n\n\n<p><a href=\"https:\/\/www.usc.gal\/gl\/xornal\/novas\/grandola-vila-morena-volvera-soar-usc-cincuenta-anos-despois\" data-type=\"URL\" data-id=\"https:\/\/www.usc.gal\/gl\/xornal\/novas\/grandola-vila-morena-volvera-soar-usc-cincuenta-anos-despois\" target=\"_blank\" rel=\"noreferrer noopener\">Ler not\u00edcia completa.<\/a><\/p>\n\n\n\n<figure class=\"wp-block-image size-large\"><img loading=\"lazy\" width=\"1024\" height=\"683\" src=\"https:\/\/aja.pt\/wp-content\/uploads\/2022\/05\/Galiza-50-1024x683.jpg\" alt=\"\" class=\"wp-image-38848\" srcset=\"https:\/\/aja.pt\/wp-content\/uploads\/2022\/05\/Galiza-50-1024x683.jpg 1024w, https:\/\/aja.pt\/wp-content\/uploads\/2022\/05\/Galiza-50-300x200.jpg 300w, https:\/\/aja.pt\/wp-content\/uploads\/2022\/05\/Galiza-50-768x512.jpg 768w, https:\/\/aja.pt\/wp-content\/uploads\/2022\/05\/Galiza-50-1140x760.jpg 1140w, https:\/\/aja.pt\/wp-content\/uploads\/2022\/05\/Galiza-50.jpg 1200w\" sizes=\"(max-width: 1024px) 100vw, 1024px\" \/><\/figure>\n","protected":false},"excerpt":{"rendered":"<p>O 10 de maio de 1972 no pavill\u00f3n do comedor do complexo do Burgo, un grupo de estudantes da USC organizou o concerto no que o cantautor portugu\u00e9s Zeca Afonso interpretou, por primeira vez en p\u00fablico, a canci\u00f3n \u2018Gr\u00e2ndola, Vila Morena\u2019, emblema da revoluci\u00f3n que puxo fin \u00e1 ditadura portuguesa. Cincuenta anos despois, os acordes [&hellip;]<\/p>\n","protected":false},"author":3,"featured_media":38848,"comment_status":"open","ping_status":"open","sticky":false,"template":"","format":"standard","meta":[],"categories":[59,108,402],"tags":[],"_links":{"self":[{"href":"https:\/\/aja.pt\/en\/wp-json\/wp\/v2\/posts\/38847"}],"collection":[{"href":"https:\/\/aja.pt\/en\/wp-json\/wp\/v2\/posts"}],"about":[{"href":"https:\/\/aja.pt\/en\/wp-json\/wp\/v2\/types\/post"}],"author":[{"embeddable":true,"href":"https:\/\/aja.pt\/en\/wp-json\/wp\/v2\/users\/3"}],"replies":[{"embeddable":true,"href":"https:\/\/aja.pt\/en\/wp-json\/wp\/v2\/comments?post=38847"}],"version-history":[{"count":1,"href":"https:\/\/aja.pt\/en\/wp-json\/wp\/v2\/posts\/38847\/revisions"}],"predecessor-version":[{"id":38850,"href":"https:\/\/aja.pt\/en\/wp-json\/wp\/v2\/posts\/38847\/revisions\/38850"}],"wp:featuredmedia":[{"embeddable":true,"href":"https:\/\/aja.pt\/en\/wp-json\/wp\/v2\/media\/38848"}],"wp:attachment":[{"href":"https:\/\/aja.pt\/en\/wp-json\/wp\/v2\/media?parent=38847"}],"wp:term":[{"taxonomy":"category","embeddable":true,"href":"https:\/\/aja.pt\/en\/wp-json\/wp\/v2\/categories?post=38847"},{"taxonomy":"post_tag","embeddable":true,"href":"https:\/\/aja.pt\/en\/wp-json\/wp\/v2\/tags?post=38847"}],"curies":[{"name":"wp","href":"https:\/\/api.w.org\/{rel}","templated":true}]}}