{"id":35937,"date":"2022-02-21T22:51:44","date_gmt":"2022-02-21T22:51:44","guid":{"rendered":"https:\/\/aja.pt\/?p=35937"},"modified":"2022-10-16T17:12:41","modified_gmt":"2022-10-16T17:12:41","slug":"em-mocambique","status":"publish","type":"post","link":"https:\/\/aja.pt\/en\/em-mocambique\/","title":{"rendered":"Em Mo\u00e7ambique"},"content":{"rendered":"\n<figure class=\"wp-block-image size-large is-style-default\"><img loading=\"lazy\" width=\"1024\" height=\"1024\" src=\"https:\/\/aja.pt\/wp-content\/uploads\/2022\/02\/Zeca-Mocambique-1-1024x1024.jpg\" alt=\"\" class=\"wp-image-35938\" srcset=\"https:\/\/aja.pt\/wp-content\/uploads\/2022\/02\/Zeca-Mocambique-1-1024x1024.jpg 1024w, https:\/\/aja.pt\/wp-content\/uploads\/2022\/02\/Zeca-Mocambique-1-540x540.jpg 540w, https:\/\/aja.pt\/wp-content\/uploads\/2022\/02\/Zeca-Mocambique-1-240x240.jpg 240w, https:\/\/aja.pt\/wp-content\/uploads\/2022\/02\/Zeca-Mocambique-1-1140x1140.jpg 1140w, https:\/\/aja.pt\/wp-content\/uploads\/2022\/02\/Zeca-Mocambique-1-300x300.jpg 300w, https:\/\/aja.pt\/wp-content\/uploads\/2022\/02\/Zeca-Mocambique-1-150x150.jpg 150w, https:\/\/aja.pt\/wp-content\/uploads\/2022\/02\/Zeca-Mocambique-1-768x768.jpg 768w, https:\/\/aja.pt\/wp-content\/uploads\/2022\/02\/Zeca-Mocambique-1-560x560.jpg 560w, https:\/\/aja.pt\/wp-content\/uploads\/2022\/02\/Zeca-Mocambique-1.jpg 1200w\" sizes=\"(max-width: 1024px) 100vw, 1024px\" \/><figcaption>Trabalhei e privei com Jos\u00e9 Afonso durante oito anos. Nunca o vi t\u00e3o feliz como quando estivemos em Mo\u00e7ambique, 1980. A convite do governo Mo\u00e7ambicano, Jos\u00e9 Afonso nesta viagem cantou em Maputo, Beira e Tete. <br>J\u00falio Pereira<br>Fotos de Kok Nam.<\/figcaption><\/figure>\n\n\n\n<p><\/p>\n","protected":false},"excerpt":{"rendered":"","protected":false},"author":3,"featured_media":35938,"comment_status":"open","ping_status":"open","sticky":false,"template":"","format":"standard","meta":[],"categories":[86,159,122,88],"tags":[],"_links":{"self":[{"href":"https:\/\/aja.pt\/en\/wp-json\/wp\/v2\/posts\/35937"}],"collection":[{"href":"https:\/\/aja.pt\/en\/wp-json\/wp\/v2\/posts"}],"about":[{"href":"https:\/\/aja.pt\/en\/wp-json\/wp\/v2\/types\/post"}],"author":[{"embeddable":true,"href":"https:\/\/aja.pt\/en\/wp-json\/wp\/v2\/users\/3"}],"replies":[{"embeddable":true,"href":"https:\/\/aja.pt\/en\/wp-json\/wp\/v2\/comments?post=35937"}],"version-history":[{"count":1,"href":"https:\/\/aja.pt\/en\/wp-json\/wp\/v2\/posts\/35937\/revisions"}],"predecessor-version":[{"id":39745,"href":"https:\/\/aja.pt\/en\/wp-json\/wp\/v2\/posts\/35937\/revisions\/39745"}],"wp:featuredmedia":[{"embeddable":true,"href":"https:\/\/aja.pt\/en\/wp-json\/wp\/v2\/media\/35938"}],"wp:attachment":[{"href":"https:\/\/aja.pt\/en\/wp-json\/wp\/v2\/media?parent=35937"}],"wp:term":[{"taxonomy":"category","embeddable":true,"href":"https:\/\/aja.pt\/en\/wp-json\/wp\/v2\/categories?post=35937"},{"taxonomy":"post_tag","embeddable":true,"href":"https:\/\/aja.pt\/en\/wp-json\/wp\/v2\/tags?post=35937"}],"curies":[{"name":"wp","href":"https:\/\/api.w.org\/{rel}","templated":true}]}}