{"id":33565,"date":"2021-02-17T17:42:00","date_gmt":"2021-02-17T17:42:00","guid":{"rendered":"https:\/\/aja.pt\/?p=33565"},"modified":"2022-02-17T17:43:07","modified_gmt":"2022-02-17T17:43:07","slug":"o-canarinho","status":"publish","type":"post","link":"https:\/\/aja.pt\/en\/o-canarinho\/","title":{"rendered":"O canarinho"},"content":{"rendered":"\n<p>\u00abO Canarinho \u00e9 um caso curioso\u00bb \u2013 comenta Jos\u00e9 M\u00e1rio Branco quando lhe pedi para contar a sua participa\u00e7\u00e3o neste tema. \u00abpara mim\u00bb, prosseguiu, \u00ab\u00e9 paradigm\u00e1tico da no\u00e7\u00e3o que eu tenho de que as obras de arte s\u00e3o acontecimentos que podem parecer fortuitos. Nada naquela cantiga indica que possa ter alguma import\u00e2ncia. alguma carga extra-musical, de mensagem, e, no entanto, \u00e9 muitas vezes esse o segredo do Zeca e de qualquer grande m\u00fasico: tornar-se um est\u00edmulo para acontecimentos. Aquilo \u00e9 m\u00fasica pura. Havia dados seguros e conversados com o Zeca que eram a pulsa\u00e7\u00e3o r\u00edtmica de base dada pelas percuss\u00f5es e o coro das mulheres que lhe propus, tendo em conta uma imagem que me ficou da minha primeira ida ao Alentejo aos 17 anos. A imagem era: eu vou por um caminho, vejo a plan\u00edcie pelo lado das colinas e ou\u00e7o algures vindo detr\u00e1s dessas colinas mulheres que andam a trabalhar cantando. Isto era a base. No entanto, faltava qualquer coisa que integrasse a componente africana, o car\u00e1cter ex\u00f3tico n\u00e3o europeu contido na melodia. Estive at\u00e9 \u00e0 \u00faltima sem conseguir resolver este problema. Passei noites sem dormir. e no \u00faltimo dia da grava\u00e7\u00e3o, quando me levantei de manh\u00e3, meti num saco pl\u00e1stico todas as flautas de madeira que encontrei e fui para o est\u00fadio sozinho. Fiz as flautas em sistema de multipista, acumulando-as. Depois foi praticamente acrescentar a outra voz que aparece \u2013 a do Janita \u2013 que \u00e9 o contraponto individual \u00e0 voz das mulheres, como se o rancho das mondadeiras cruzasse o pastor solit\u00e1rio.\u00bb<br><br><strong><em>in<\/em>&nbsp;\u201cLivra-te do medo \u2013 est\u00f3rias e andan\u00e7as do Zeca Afonso\u201d de Jos\u00e9 A. Salvador<\/strong><\/p>\n","protected":false},"excerpt":{"rendered":"<p>\u00abO Canarinho \u00e9 um caso curioso\u00bb \u2013 comenta Jos\u00e9 M\u00e1rio Branco quando lhe pedi para contar a sua participa\u00e7\u00e3o neste tema. \u00abpara mim\u00bb, prosseguiu, \u00ab\u00e9 paradigm\u00e1tico da no\u00e7\u00e3o que eu tenho de que as obras de arte s\u00e3o acontecimentos que podem parecer fortuitos. Nada naquela cantiga indica que possa ter alguma import\u00e2ncia. alguma carga extra-musical, [&hellip;]<\/p>\n","protected":false},"author":3,"featured_media":0,"comment_status":"open","ping_status":"open","sticky":false,"template":"","format":"standard","meta":[],"categories":[115,80],"tags":[],"_links":{"self":[{"href":"https:\/\/aja.pt\/en\/wp-json\/wp\/v2\/posts\/33565"}],"collection":[{"href":"https:\/\/aja.pt\/en\/wp-json\/wp\/v2\/posts"}],"about":[{"href":"https:\/\/aja.pt\/en\/wp-json\/wp\/v2\/types\/post"}],"author":[{"embeddable":true,"href":"https:\/\/aja.pt\/en\/wp-json\/wp\/v2\/users\/3"}],"replies":[{"embeddable":true,"href":"https:\/\/aja.pt\/en\/wp-json\/wp\/v2\/comments?post=33565"}],"version-history":[{"count":0,"href":"https:\/\/aja.pt\/en\/wp-json\/wp\/v2\/posts\/33565\/revisions"}],"wp:attachment":[{"href":"https:\/\/aja.pt\/en\/wp-json\/wp\/v2\/media?parent=33565"}],"wp:term":[{"taxonomy":"category","embeddable":true,"href":"https:\/\/aja.pt\/en\/wp-json\/wp\/v2\/categories?post=33565"},{"taxonomy":"post_tag","embeddable":true,"href":"https:\/\/aja.pt\/en\/wp-json\/wp\/v2\/tags?post=33565"}],"curies":[{"name":"wp","href":"https:\/\/api.w.org\/{rel}","templated":true}]}}