{"id":21770,"date":"2021-07-01T10:53:13","date_gmt":"2021-07-01T09:53:13","guid":{"rendered":"https:\/\/aja.pt\/?p=21770"},"modified":"2021-12-17T11:35:55","modified_gmt":"2021-12-17T11:35:55","slug":"grandola-as-cancoes-heroicas-e-a-poesia-do-neo-realismo-em-destaque-no-sabado-10-de-julho-numa-iniciativa-do-observatorio-da-cancao-de-protesto","status":"publish","type":"post","link":"https:\/\/aja.pt\/en\/grandola-as-cancoes-heroicas-e-a-poesia-do-neo-realismo-em-destaque-no-sabado-10-de-julho-numa-iniciativa-do-observatorio-da-cancao-de-protesto\/","title":{"rendered":"As Can\u00e7\u00f5es Her\u00f3icas&#8230;"},"content":{"rendered":"<p><img loading=\"lazy\" class=\"alignnone  wp-image-21771\" src=\"https:\/\/aja.pt\/wp-content\/uploads\/media-archive\/2021\/07\/image005.jpg\" alt=\"image005\" width=\"470\" height=\"665\" \/><\/p>\n<p>No \u00e2mbito da atividade do Observat\u00f3rio da Can\u00e7\u00e3o de Protesto (OCP)* ir\u00e1 realizar-se em Gr\u00e2ndola, na Biblioteca e Arquivo do Munic\u00edpio, em 10 de julho (data condicionada, naturalmente, pela evolu\u00e7\u00e3o da Covid-19), um conjunto de iniciativas dedicadas \u00e0s Can\u00e7\u00f5es Heroicas e \u00e0 poesia do Neo-Realismo, no quadro das comemora\u00e7\u00f5es dos 75 anos sobre a publica\u00e7\u00e3o de Marchas, Dan\u00e7as e Can\u00e7\u00f5es, de Fernando Lopes-Gra\u00e7a, com poemas de Armindo Rodrigues, Arquimedes da Silva Santos, Carlos de Oliveira, Edmundo Bettencourt, Jo\u00e3o Jos\u00e9 Cochofel, Joaquim Namorado, Jos\u00e9 Ferreira Monte, Jos\u00e9 Gomes Ferreira e M\u00e1rio Dion\u00edsio.<\/p>\n<p>As atividades ir\u00e3o iniciar \u00e0s 17h30, com a realiza\u00e7\u00e3o de um col\u00f3quio designado As Can\u00e7\u00f5es Heroicas e a Poesia do Neo-Realismo, protagonizado por Jo\u00e3o Madeira, Manuel Deniz Silva, Pedro Lamares e Teresa Cascudo, tamb\u00e9m respons\u00e1vel pela sua modera\u00e7\u00e3o.<\/p>\n<p>Seguir-se-\u00e1, \u00e0s 19h00, a apresenta\u00e7\u00e3o de um espect\u00e1culo po\u00e9tico e musical in\u00e9dito intitulado Qualquer coisa que est\u00e1 para acontecer, protagonizado por Pedro Lamares e Rui David.<\/p>\n<p>As atividades terminam ap\u00f3s a actua\u00e7\u00e3o do Coro Lopes-Gra\u00e7a da Academia de Amadores de M\u00fasica de Lisboa, que ir\u00e1 iniciar \u00e0s 22h.<\/p>\n<p>A entrada \u00e9 gratuita mediante reserva antecipada de lugar atrav\u00e9s do 269 448 246 | 032 e sujeita \u00e0 lota\u00e7\u00e3o do espa\u00e7o.<\/p>\n<p>O col\u00f3quio ser\u00e1 transmitido tamb\u00e9m, atrav\u00e9s do sitio em rede OCPROTESTO.ORG<\/p>\n<p>*Observat\u00f3rio da Can\u00e7\u00e3o de Protesto<\/p>\n<p>O Observat\u00f3rio da Can\u00e7\u00e3o de Protesto (OCP) \u00e9 um organismo resultante da parceria entre o Munic\u00edpio de Gr\u00e2ndola, entidade promotora, a Associa\u00e7\u00e3o Jos\u00e9 Afonso, a Sociedade Musical Fraternidade Oper\u00e1ria Grandolense, e os institutos da Faculdade de Ci\u00eancias Sociais e Humanas da Universidade Nova de Lisboa Centro de Estudos de Sociologia e Est\u00e9tica Musical (CESEM), Instituto de Etnomusicologia \u2013 Centro de Estudos em M\u00fasica e Dan\u00e7a (INET-md), e Instituto de Hist\u00f3ria Contempor\u00e2nea (IHC).<\/p>\n<p>Os seus objectivos s\u00e3o o estudo, a salvaguarda e a divulga\u00e7\u00e3o do patrim\u00f3nio musical tang\u00edvel e intang\u00edvel da can\u00e7\u00e3o de protesto produzido durante os s\u00e9culos XX e XXI, atrav\u00e9s da realiza\u00e7\u00e3o de iniciativas culturais diversas.<\/p>\n","protected":false},"excerpt":{"rendered":"<p>No \u00e2mbito da atividade do Observat\u00f3rio da Can\u00e7\u00e3o de Protesto (OCP)* ir\u00e1 realizar-se em Gr\u00e2ndola, na Biblioteca e Arquivo do Munic\u00edpio, em 10 de julho (data condicionada, naturalmente, pela evolu\u00e7\u00e3o da Covid-19), um conjunto de iniciativas dedicadas \u00e0s Can\u00e7\u00f5es Heroicas e \u00e0 poesia do Neo-Realismo, no quadro das comemora\u00e7\u00f5es dos 75 anos sobre a publica\u00e7\u00e3o [&hellip;]<\/p>\n","protected":false},"author":5,"featured_media":21771,"comment_status":"open","ping_status":"open","sticky":false,"template":"","format":"standard","meta":[],"categories":[59],"tags":[],"_links":{"self":[{"href":"https:\/\/aja.pt\/en\/wp-json\/wp\/v2\/posts\/21770"}],"collection":[{"href":"https:\/\/aja.pt\/en\/wp-json\/wp\/v2\/posts"}],"about":[{"href":"https:\/\/aja.pt\/en\/wp-json\/wp\/v2\/types\/post"}],"author":[{"embeddable":true,"href":"https:\/\/aja.pt\/en\/wp-json\/wp\/v2\/users\/5"}],"replies":[{"embeddable":true,"href":"https:\/\/aja.pt\/en\/wp-json\/wp\/v2\/comments?post=21770"}],"version-history":[{"count":0,"href":"https:\/\/aja.pt\/en\/wp-json\/wp\/v2\/posts\/21770\/revisions"}],"wp:featuredmedia":[{"embeddable":true,"href":"https:\/\/aja.pt\/en\/wp-json\/wp\/v2\/media\/21771"}],"wp:attachment":[{"href":"https:\/\/aja.pt\/en\/wp-json\/wp\/v2\/media?parent=21770"}],"wp:term":[{"taxonomy":"category","embeddable":true,"href":"https:\/\/aja.pt\/en\/wp-json\/wp\/v2\/categories?post=21770"},{"taxonomy":"post_tag","embeddable":true,"href":"https:\/\/aja.pt\/en\/wp-json\/wp\/v2\/tags?post=21770"}],"curies":[{"name":"wp","href":"https:\/\/api.w.org\/{rel}","templated":true}]}}