{"id":21743,"date":"2021-06-07T10:47:02","date_gmt":"2021-06-07T09:47:02","guid":{"rendered":"https:\/\/aja.pt\/?p=21743"},"modified":"2021-12-17T11:35:55","modified_gmt":"2021-12-17T11:35:55","slug":"lisboa-livro-uma-vontade-de-musica-as-cantigas-do-zeca-de-octavio-fonseca-vai-ser-apresentado-dia-12-de-junho-no-liceu-camoes","status":"publish","type":"post","link":"https:\/\/aja.pt\/en\/lisboa-livro-uma-vontade-de-musica-as-cantigas-do-zeca-de-octavio-fonseca-vai-ser-apresentado-dia-12-de-junho-no-liceu-camoes\/","title":{"rendered":"&#8220;Uma Vontade de M\u00fasica&#8230;&#8221;"},"content":{"rendered":"<p><img loading=\"lazy\" class=\"alignnone  wp-image-21744\" src=\"https:\/\/aja.pt\/wp-content\/uploads\/media-archive\/2021\/06\/Cartaz-de-Apresentac\u0327a\u0303o_Livro-Uma-Vontade-de-Mu\u0301sica.jpg\" alt=\"Cartaz de Apresentac\u0327a\u0303o_Livro Uma Vontade de Mu\u0301sica\" width=\"485\" height=\"686\" \/><\/p>\n<p>Apresenta\u00e7\u00e3o do livro &#8220;Uma Vontade de M\u00fasica &#8211; as cantigas do Zeca&#8221;, de Oct\u00e1vio Fonseca, no\u00a0 dia 12 de junho\u00a0 \u00e0s 16H00, no audit\u00f3rio do Liceu Cam\u00f5es<\/p>\n<p>O livro \u00e9 editado pela Tradisom e\u00a0a sess\u00e3o conta com a presen\u00e7a do autor e do editor Jos\u00e9 Mo\u00e7as.<\/p>\n<p>A apresenta\u00e7\u00e3o estar\u00e1 a cargo do Jo\u00e3o Carlos Callixto e haver\u00e1 um momento musical com a Filipa Pais, acompanhada por M\u00e1rio Delgado.<\/p>\n<p>N\u00e3o faltem.<\/p>\n<p>Aja Lisboa<\/p>\n<div dir=\"auto\"><\/div>\n","protected":false},"excerpt":{"rendered":"<p>Apresenta\u00e7\u00e3o do livro &#8220;Uma Vontade de M\u00fasica &#8211; as cantigas do Zeca&#8221;, de Oct\u00e1vio Fonseca, no\u00a0 dia 12 de junho\u00a0 \u00e0s 16H00, no audit\u00f3rio do Liceu Cam\u00f5es O livro \u00e9 editado pela Tradisom e\u00a0a sess\u00e3o conta com a presen\u00e7a do autor e do editor Jos\u00e9 Mo\u00e7as. A apresenta\u00e7\u00e3o estar\u00e1 a cargo do Jo\u00e3o Carlos Callixto [&hellip;]<\/p>\n","protected":false},"author":5,"featured_media":21744,"comment_status":"open","ping_status":"open","sticky":false,"template":"","format":"standard","meta":[],"categories":[59,58],"tags":[],"_links":{"self":[{"href":"https:\/\/aja.pt\/en\/wp-json\/wp\/v2\/posts\/21743"}],"collection":[{"href":"https:\/\/aja.pt\/en\/wp-json\/wp\/v2\/posts"}],"about":[{"href":"https:\/\/aja.pt\/en\/wp-json\/wp\/v2\/types\/post"}],"author":[{"embeddable":true,"href":"https:\/\/aja.pt\/en\/wp-json\/wp\/v2\/users\/5"}],"replies":[{"embeddable":true,"href":"https:\/\/aja.pt\/en\/wp-json\/wp\/v2\/comments?post=21743"}],"version-history":[{"count":0,"href":"https:\/\/aja.pt\/en\/wp-json\/wp\/v2\/posts\/21743\/revisions"}],"wp:featuredmedia":[{"embeddable":true,"href":"https:\/\/aja.pt\/en\/wp-json\/wp\/v2\/media\/21744"}],"wp:attachment":[{"href":"https:\/\/aja.pt\/en\/wp-json\/wp\/v2\/media?parent=21743"}],"wp:term":[{"taxonomy":"category","embeddable":true,"href":"https:\/\/aja.pt\/en\/wp-json\/wp\/v2\/categories?post=21743"},{"taxonomy":"post_tag","embeddable":true,"href":"https:\/\/aja.pt\/en\/wp-json\/wp\/v2\/tags?post=21743"}],"curies":[{"name":"wp","href":"https:\/\/api.w.org\/{rel}","templated":true}]}}