{"id":21732,"date":"2021-05-19T12:50:11","date_gmt":"2021-05-19T11:50:11","guid":{"rendered":"https:\/\/aja.pt\/?p=21732"},"modified":"2021-12-17T11:35:55","modified_gmt":"2021-12-17T11:35:55","slug":"setubal-tertulia-com-o-sonoplasta-jose-ribeiro-sobre-jose-afonso-dia-21-de-maio-as-1830-horas-na-casa-da-cultura","status":"publish","type":"post","link":"https:\/\/aja.pt\/en\/setubal-tertulia-com-o-sonoplasta-jose-ribeiro-sobre-jose-afonso-dia-21-de-maio-as-1830-horas-na-casa-da-cultura\/","title":{"rendered":"Tert\u00falia com o sonoplasta Jos\u00e9 Ribeiro"},"content":{"rendered":"<p><img loading=\"lazy\" class=\"alignnone  wp-image-21733\" src=\"https:\/\/aja.pt\/wp-content\/uploads\/media-archive\/2021\/05\/image-2.png\" alt=\"image (2)\" width=\"511\" height=\"749\" \/><\/p>\n<p><u><a href=\"http:\/\/www.casadacultura-setubal.pt\/tipo_dentro\/tertulias-aja\/\" target=\"_blank\" data-saferedirecturl=\"https:\/\/www.google.com\/url?q=http:\/\/www.casadacultura-setubal.pt\/tipo_dentro\/tertulias-aja\/&amp;source=gmail&amp;ust=1621510980116000&amp;usg=AFQjCNHIovb6qTEUU7a2Uv8Oeq8-bucSSw\" rel=\"noopener\"><span style=\"color: #000080;\">TERT\u00daLIAS AJA<\/span><\/a><\/u><\/p>\n<p><span style=\"color: #000080;\"><u>CASA DA CULTURA DE SET\u00daBAL<\/u><\/span><\/p>\n<div>Jos\u00e9 Ribeiro \u2013 sonoplasta<\/div>\n<div>nascido em Valen\u00e7a do Minho em 1938<\/div>\n<p><span style=\"color: #000080;\"><span lang=\"zxx\"><u><a href=\"http:\/\/www.casadacultura-setubal.pt\/sala\/sala-jose-afonso\/\" target=\"_blank\" data-saferedirecturl=\"https:\/\/www.google.com\/url?q=http:\/\/www.casadacultura-setubal.pt\/sala\/sala-jose-afonso\/&amp;source=gmail&amp;ust=1621510980116000&amp;usg=AFQjCNFesSFDb-CKhLiy_wT0y4fmWiD9Lw\" rel=\"noopener\">SALA JOS\u00c9 AFONSO<\/a><\/u><\/span><\/span><\/p>\n<div>21 Maio, Sexta-feira \/ 18:30h<br \/>\nEntrada gratuita mediante reserva<\/div>\n<div>Jos\u00e9 Ribeiro \u2013 sonoplasta, nascido em Valen\u00e7a do Minho em 1938.<\/div>\n<div>Trabalhou na R\u00e1dio Renascen\u00e7a durante sete anos, antes da Revolu\u00e7\u00e3o dos Cravos.<\/div>\n<div>Trabalhou antes e depois de Abril de 1974, na Emissora Nacional e no R\u00e1dio Clube Portugu\u00eas.<\/div>\n<div>Nesta sua actividade profissional teve oportunidade de conhecer e vir a ser amigo de Zeca Afonso<\/div>\n<div>\u00c9 este testemunho em discurso directo, que mais uma vez nos propomos registar de modo p\u00fablico.<\/div>\n","protected":false},"excerpt":{"rendered":"<p>TERT\u00daLIAS AJA CASA DA CULTURA DE SET\u00daBAL Jos\u00e9 Ribeiro \u2013 sonoplasta nascido em Valen\u00e7a do Minho em 1938 SALA JOS\u00c9 AFONSO 21 Maio, Sexta-feira \/ 18:30h Entrada gratuita mediante reserva Jos\u00e9 Ribeiro \u2013 sonoplasta, nascido em Valen\u00e7a do Minho em 1938. Trabalhou na R\u00e1dio Renascen\u00e7a durante sete anos, antes da Revolu\u00e7\u00e3o dos Cravos. Trabalhou antes [&hellip;]<\/p>\n","protected":false},"author":5,"featured_media":21733,"comment_status":"open","ping_status":"open","sticky":false,"template":"","format":"standard","meta":[],"categories":[59],"tags":[],"_links":{"self":[{"href":"https:\/\/aja.pt\/en\/wp-json\/wp\/v2\/posts\/21732"}],"collection":[{"href":"https:\/\/aja.pt\/en\/wp-json\/wp\/v2\/posts"}],"about":[{"href":"https:\/\/aja.pt\/en\/wp-json\/wp\/v2\/types\/post"}],"author":[{"embeddable":true,"href":"https:\/\/aja.pt\/en\/wp-json\/wp\/v2\/users\/5"}],"replies":[{"embeddable":true,"href":"https:\/\/aja.pt\/en\/wp-json\/wp\/v2\/comments?post=21732"}],"version-history":[{"count":0,"href":"https:\/\/aja.pt\/en\/wp-json\/wp\/v2\/posts\/21732\/revisions"}],"wp:featuredmedia":[{"embeddable":true,"href":"https:\/\/aja.pt\/en\/wp-json\/wp\/v2\/media\/21733"}],"wp:attachment":[{"href":"https:\/\/aja.pt\/en\/wp-json\/wp\/v2\/media?parent=21732"}],"wp:term":[{"taxonomy":"category","embeddable":true,"href":"https:\/\/aja.pt\/en\/wp-json\/wp\/v2\/categories?post=21732"},{"taxonomy":"post_tag","embeddable":true,"href":"https:\/\/aja.pt\/en\/wp-json\/wp\/v2\/tags?post=21732"}],"curies":[{"name":"wp","href":"https:\/\/api.w.org\/{rel}","templated":true}]}}