{"id":21723,"date":"2021-05-09T19:48:14","date_gmt":"2021-05-09T18:48:14","guid":{"rendered":"https:\/\/aja.pt\/?p=21723"},"modified":"2021-12-17T11:35:55","modified_gmt":"2021-12-17T11:35:55","slug":"lisboa-assembleia-geral-da-aja-vai-se-realizar-no-ginasio-do-liceu-cam","status":"publish","type":"post","link":"https:\/\/aja.pt\/en\/lisboa-assembleia-geral-da-aja-vai-se-realizar-no-ginasio-do-liceu-cam\/","title":{"rendered":"Assembleia Geral da AJA"},"content":{"rendered":"<p><img loading=\"lazy\" class=\"alignnone wp-image-21725\" src=\"https:\/\/aja.pt\/wp-content\/uploads\/media-archive\/2021\/05\/image-1.png\" alt=\"image (1)\" width=\"485\" height=\"273\" \/><\/p>\n<p>CARO(A)S S\u00d3CIO(A)S DA ASSOCIA\u00c7\u00c3O JOS\u00c9 AFONSO:<\/p>\n<p>Tendo em vista o refor\u00e7o da seguran\u00e7a para cumprimento das medidas higi\u00e9nicas e porque se trata de um local com maior capacidade de lota\u00e7\u00e3o o que permitir\u00e1 garantir a necess\u00e1ria dist\u00e2ncia f\u00edsica a Mesa da Assembleia Geral da AJA entendeu por bem transferir a realiza\u00e7\u00e3o das Assembleias Gerais marcadas para o pr\u00f3ximo dia 29 de Maio, para o <strong>Gin\u00e1sio da Escola Secund\u00e1ria de Cam\u00f5es (Liceu Cam\u00f5es)<\/strong>, situado na <strong>Pra\u00e7a Jos\u00e9 Fontana,\u00a01050 &#8211; 129 Lisboa<\/strong>.<\/p>\n<p>Apelando \u00e0 vossa participa\u00e7\u00e3o e com as nossas mais cordiais sauda\u00e7\u00f5es associativas,<\/p>\n<p>Pela Mesa da Assembleia Geral,<\/p>\n<p>(Manuel Freire\/Presidente)<\/p>\n","protected":false},"excerpt":{"rendered":"<p>CARO(A)S S\u00d3CIO(A)S DA ASSOCIA\u00c7\u00c3O JOS\u00c9 AFONSO: Tendo em vista o refor\u00e7o da seguran\u00e7a para cumprimento das medidas higi\u00e9nicas e porque se trata de um local com maior capacidade de lota\u00e7\u00e3o o que permitir\u00e1 garantir a necess\u00e1ria dist\u00e2ncia f\u00edsica a Mesa da Assembleia Geral da AJA entendeu por bem transferir a realiza\u00e7\u00e3o das Assembleias Gerais marcadas [&hellip;]<\/p>\n","protected":false},"author":5,"featured_media":21725,"comment_status":"open","ping_status":"open","sticky":false,"template":"","format":"standard","meta":[],"categories":[59,402],"tags":[],"_links":{"self":[{"href":"https:\/\/aja.pt\/en\/wp-json\/wp\/v2\/posts\/21723"}],"collection":[{"href":"https:\/\/aja.pt\/en\/wp-json\/wp\/v2\/posts"}],"about":[{"href":"https:\/\/aja.pt\/en\/wp-json\/wp\/v2\/types\/post"}],"author":[{"embeddable":true,"href":"https:\/\/aja.pt\/en\/wp-json\/wp\/v2\/users\/5"}],"replies":[{"embeddable":true,"href":"https:\/\/aja.pt\/en\/wp-json\/wp\/v2\/comments?post=21723"}],"version-history":[{"count":0,"href":"https:\/\/aja.pt\/en\/wp-json\/wp\/v2\/posts\/21723\/revisions"}],"wp:featuredmedia":[{"embeddable":true,"href":"https:\/\/aja.pt\/en\/wp-json\/wp\/v2\/media\/21725"}],"wp:attachment":[{"href":"https:\/\/aja.pt\/en\/wp-json\/wp\/v2\/media?parent=21723"}],"wp:term":[{"taxonomy":"category","embeddable":true,"href":"https:\/\/aja.pt\/en\/wp-json\/wp\/v2\/categories?post=21723"},{"taxonomy":"post_tag","embeddable":true,"href":"https:\/\/aja.pt\/en\/wp-json\/wp\/v2\/tags?post=21723"}],"curies":[{"name":"wp","href":"https:\/\/api.w.org\/{rel}","templated":true}]}}