{"id":21720,"date":"2021-04-29T19:08:19","date_gmt":"2021-04-29T18:08:19","guid":{"rendered":"https:\/\/aja.pt\/?p=21720"},"modified":"2021-12-17T11:35:55","modified_gmt":"2021-12-17T11:35:55","slug":"comunicado-da-aja-sobre-a-a-reedicao-dos-albuns-de-jose-afonso-que-estavam-esgotados","status":"publish","type":"post","link":"https:\/\/aja.pt\/en\/comunicado-da-aja-sobre-a-a-reedicao-dos-albuns-de-jose-afonso-que-estavam-esgotados\/","title":{"rendered":"Comunicado da AJA"},"content":{"rendered":"<p><img loading=\"lazy\" class=\"alignnone  wp-image-20292\" src=\"https:\/\/aja.pt\/wp-content\/uploads\/media-archive\/2017\/07\/ZA.jpg\" alt=\"ZA\" width=\"486\" height=\"329\" \/><\/p>\n<p>Obra discogr\u00e1fica de Jos\u00e9 Afonso<\/p>\n<p>A Associa\u00e7\u00e3o Jos\u00e9 Afonso sa\u00fada o <a href=\"https:\/\/www.publico.pt\/2021\/04\/25\/culturaipsilon\/noticia\/albuns-jose-afonso-lancados-1968-1981-vao-reeditados-1959928\">in\u00edcio<\/a> da reedi\u00e7\u00e3o de 11 \u00e1lbuns de Jos\u00e9 Afonso que se encontravam esgotados, h\u00e1 v\u00e1rios anos, no mercado discogr\u00e1fico.<\/p>\n<p>Na verdade, a AJA congratula-se &#8211; e sente estar acompanhada por milhares de amigos e apreciadores deste consagrado autor, poeta, cantor, empenhado em toda a sua vida na defesa da cidadania activa &#8211; tanto mais que vem ao encontro das numerosas dilig\u00eancias e iniciativas que a AJA tem vindo a encetar, desde que essa situa\u00e7\u00e3o se agravou, com a insolv\u00eancia declarada judicialmente em Setembro de 2015, da Movieplay, \u00faltima empresa detentora de contrato de edi\u00e7\u00e3o, cujo processo veio a ser arquivado.<\/p>\n<p>Insistentes sensibiliza\u00e7\u00f5es tiveram lugar, designadamente junto da fam\u00edlia e do Minist\u00e9rio da Cultura, com destaque de uma peti\u00e7\u00e3o lan\u00e7ada por esta associa\u00e7\u00e3o, em Abril de 2019, dirigida \u00e0 Senhora Ministra da Cultura, reunindo mais de 11.000 subscritores, requerendo a classifica\u00e7\u00e3o da obra discogr\u00e1fica como de interesse nacional, vindo, logo de seguida, a ser objecto de recomenda\u00e7\u00e3o aprovada na Assembleia da Rep\u00fablica no sentido dessa classifica\u00e7\u00e3o com vista a facilitar a reedi\u00e7\u00e3o da obra esgotada.<\/p>\n<p>Entretanto, em 7 de Setembro de 2019, a AJA realizou um Col\u00f3quio na Escola Secund\u00e1ria de Cam\u00f5es subordinado ao tema \u201cJos\u00e9 Afonso e a sua obra: um interesse cultural relevante\u201d, cujas conclus\u00f5es apontaram no sentido de:<\/p>\n<p>&#8211; a reedi\u00e7\u00e3o da obra discogr\u00e1fica n\u00e3o depender da exist\u00eancia de masters;<\/p>\n<p>&#8211; n\u00e3o haver impedimentos legais para essa mesma reedi\u00e7\u00e3o;<\/p>\n<p>&#8211; ser importante e poss\u00edvel o Minist\u00e9rio da Cultura considerar a salvaguarda da obra de interesse cultural e nacional.<\/p>\n<p>Finalmente, cerca de um ano depois, em 2 de Setembro de 2020, foi publicado em D.R. An\u00fancio por parte do Minist\u00e9rio da Cultura no sentido de se iniciar o processo com vista \u00e0 classifica\u00e7\u00e3o da obra fonogr\u00e1fica de Jos\u00e9 Afonso como bem material, de interesse nacional.<\/p>\n<p>Esperamos que seja dada prioridade \u00e0 conclus\u00e3o deste processo de classifica\u00e7\u00e3o da obra fonogr\u00e1fica de Jos\u00e9 Afonso como bem material, de interesse nacional, designadamente o conjunto constitu\u00eddo pelos 30 fonogramas, 18 c\u00f3pias digitais de masters, cassetes gravadas e grava\u00e7\u00f5es de entrevistas do Autor, refer\u00eancia maior da cultura musical portuguesa, constituindo patrim\u00f3nio inestim\u00e1vel e de inexced\u00edvel grandeza, integrando o que de mais valioso se cont\u00e9m na m\u00fasica portuguesa do s\u00e9culo XX e a mais vivida mem\u00f3ria do nosso passado em ditadura e no renascimento em Abril na constru\u00e7\u00e3o da democracia.<\/p>\n<p>29 de Abril de 2021<\/p>\n<p>A Direc\u00e7\u00e3o da AJA-Associa\u00e7\u00e3o Jos\u00e9 Afonso<\/p>\n","protected":false},"excerpt":{"rendered":"<p>Obra discogr\u00e1fica de Jos\u00e9 Afonso A Associa\u00e7\u00e3o Jos\u00e9 Afonso sa\u00fada o in\u00edcio da reedi\u00e7\u00e3o de 11 \u00e1lbuns de Jos\u00e9 Afonso que se encontravam esgotados, h\u00e1 v\u00e1rios anos, no mercado discogr\u00e1fico. Na verdade, a AJA congratula-se &#8211; e sente estar acompanhada por milhares de amigos e apreciadores deste consagrado autor, poeta, cantor, empenhado em toda a [&hellip;]<\/p>\n","protected":false},"author":5,"featured_media":20292,"comment_status":"open","ping_status":"open","sticky":false,"template":"","format":"standard","meta":[],"categories":[59],"tags":[],"_links":{"self":[{"href":"https:\/\/aja.pt\/en\/wp-json\/wp\/v2\/posts\/21720"}],"collection":[{"href":"https:\/\/aja.pt\/en\/wp-json\/wp\/v2\/posts"}],"about":[{"href":"https:\/\/aja.pt\/en\/wp-json\/wp\/v2\/types\/post"}],"author":[{"embeddable":true,"href":"https:\/\/aja.pt\/en\/wp-json\/wp\/v2\/users\/5"}],"replies":[{"embeddable":true,"href":"https:\/\/aja.pt\/en\/wp-json\/wp\/v2\/comments?post=21720"}],"version-history":[{"count":0,"href":"https:\/\/aja.pt\/en\/wp-json\/wp\/v2\/posts\/21720\/revisions"}],"wp:featuredmedia":[{"embeddable":true,"href":"https:\/\/aja.pt\/en\/wp-json\/wp\/v2\/media\/20292"}],"wp:attachment":[{"href":"https:\/\/aja.pt\/en\/wp-json\/wp\/v2\/media?parent=21720"}],"wp:term":[{"taxonomy":"category","embeddable":true,"href":"https:\/\/aja.pt\/en\/wp-json\/wp\/v2\/categories?post=21720"},{"taxonomy":"post_tag","embeddable":true,"href":"https:\/\/aja.pt\/en\/wp-json\/wp\/v2\/tags?post=21720"}],"curies":[{"name":"wp","href":"https:\/\/api.w.org\/{rel}","templated":true}]}}