{"id":21641,"date":"2021-02-10T12:30:33","date_gmt":"2021-02-10T12:30:33","guid":{"rendered":"https:\/\/aja.pt\/?p=21641"},"modified":"2024-05-11T16:22:39","modified_gmt":"2024-05-11T16:22:39","slug":"sacola-pedagogica-4o-desafio-que-animais-aparecem-nas-cantigas-de-jose-afonso","status":"publish","type":"post","link":"https:\/\/aja.pt\/en\/sacola-pedagogica-4o-desafio-que-animais-aparecem-nas-cantigas-de-jose-afonso\/","title":{"rendered":"4\u00ba Desafio: Que animais aparecem nas cantigas de Jos\u00e9 Afonso?"},"content":{"rendered":"<div class=\"kvgmc6g5 cxmmr5t8 oygrvhab hcukyx3x c1et5uql\"><img loading=\"lazy\" class=\"alignnone wp-image-21395\" src=\"https:\/\/aja.pt\/wp-content\/uploads\/media-archive\/2019\/05\/a.jpg\" alt=\"a\" width=\"459\" height=\"560\" \/><\/div>\n<div class=\"kvgmc6g5 cxmmr5t8 oygrvhab hcukyx3x c1et5uql\">.<\/div>\n<div class=\"kvgmc6g5 cxmmr5t8 oygrvhab hcukyx3x c1et5uql\"><strong>Caros\/as professores\/as, pais, alunos\/as, fam\u00edlias e amigos\/as<\/strong><\/div>\n<div class=\"kvgmc6g5 cxmmr5t8 oygrvhab hcukyx3x c1et5uql\">.<\/div>\n<div class=\"kvgmc6g5 cxmmr5t8 oygrvhab hcukyx3x c1et5uql\">A Associa\u00e7\u00e3o Jos\u00e9 Afonso tem como pr\u00e1tica desde a sua constitui\u00e7\u00e3o, a divulga\u00e7\u00e3o da obra e pessoa de Jos\u00e9 Afonso junto das gera\u00e7\u00f5es mais jovens, atrav\u00e9s de a\u00e7\u00f5es em colabora\u00e7\u00e3o com as escolas ou outros eventos.<br \/>\nEm 2019 produzimos uma sacola pedag\u00f3gica com recursos gr\u00e1ficos e digitais adequados a diferentes graus de ensino e faixas et\u00e1rias.<br \/>\nAs propostas integradas nos recursos das maletas poder\u00e3o servir de refer\u00eancia ao desenvolvimento de atividades que permitam aos\/as alunos\/as sentir, compreender e conhecer Jos\u00e9 Afonso e a sua obra.<br \/>\nCom este prop\u00f3sito, e a pensar no p\u00fablico mais jovem, tomamos a decis\u00e3o de partilhar com voc\u00eas alguns conte\u00fados e propostas de atividades, com uma periodicidade bimensal.<\/div>\n<div class=\"o9v6fnle cxmmr5t8 oygrvhab hcukyx3x c1et5uql\">Estamos em abril, m\u00eas de comemorar um dia\/acontecimento muito especial para todos n\u00f3s, &#8220;O 25 de abril de 1974&#8221;, a Revolu\u00e7\u00e3o dos Cravos.<br \/>\nA Associa\u00e7\u00e3o Jos\u00e9 Afonso celebra este dia convosco, convidando-vos a desenvolver as atividades que propomos, com o vosso toque especial, criatividade e adequa\u00e7\u00e3o ao contexto.<\/div>\n<div class=\"o9v6fnle cxmmr5t8 oygrvhab hcukyx3x c1et5uql\">\u00a0.<\/div>\n<div class=\"o9v6fnle cxmmr5t8 oygrvhab hcukyx3x c1et5uql\"><strong>A Associa\u00e7\u00e3o Jos\u00e9 Afonso<\/strong><\/div>\n<div class=\"o9v6fnle cxmmr5t8 oygrvhab hcukyx3x c1et5uql\">.<\/div>\n<h3><a href=\"https:\/\/aja.pt\/desafio1\/\">1\u00ba Desafio: Liberdade<\/a><\/h3>\n<h3><a href=\"https:\/\/aja.pt\/2o-desafio-o-homem-da-gaita\/\">2\u00ba Desafio: O Homem da Gaita<\/a><\/h3>\n<h3><a href=\"https:\/\/aja.pt\/3o-desafio-sabes-quem-era-jose-afonso\/\">3\u00ba Desafio: sabes quem era Jos\u00e9 Afonso?<\/a><\/h3>\n<h3><a href=\"https:\/\/aja.pt\/4o-desafio-que-animais-aparecem-nas-cantigas-de-jose-afonso\/\">4\u00ba Desafio: Que animais aparecem nas cantigas de Jos\u00e9 Afonso?<\/a><\/h3>\n","protected":false},"excerpt":{"rendered":"<p>. Caros\/as professores\/as, pais, alunos\/as, fam\u00edlias e amigos\/as . A Associa\u00e7\u00e3o Jos\u00e9 Afonso tem como pr\u00e1tica desde a sua constitui\u00e7\u00e3o, a divulga\u00e7\u00e3o da obra e pessoa de Jos\u00e9 Afonso junto das gera\u00e7\u00f5es mais jovens, atrav\u00e9s de a\u00e7\u00f5es em colabora\u00e7\u00e3o com as escolas ou outros eventos. Em 2019 produzimos uma sacola pedag\u00f3gica com recursos gr\u00e1ficos e [&hellip;]<\/p>\n","protected":false},"author":5,"featured_media":21395,"comment_status":"open","ping_status":"open","sticky":false,"template":"","format":"standard","meta":[],"categories":[59,75],"tags":[],"_links":{"self":[{"href":"https:\/\/aja.pt\/en\/wp-json\/wp\/v2\/posts\/21641"}],"collection":[{"href":"https:\/\/aja.pt\/en\/wp-json\/wp\/v2\/posts"}],"about":[{"href":"https:\/\/aja.pt\/en\/wp-json\/wp\/v2\/types\/post"}],"author":[{"embeddable":true,"href":"https:\/\/aja.pt\/en\/wp-json\/wp\/v2\/users\/5"}],"replies":[{"embeddable":true,"href":"https:\/\/aja.pt\/en\/wp-json\/wp\/v2\/comments?post=21641"}],"version-history":[{"count":2,"href":"https:\/\/aja.pt\/en\/wp-json\/wp\/v2\/posts\/21641\/revisions"}],"predecessor-version":[{"id":44305,"href":"https:\/\/aja.pt\/en\/wp-json\/wp\/v2\/posts\/21641\/revisions\/44305"}],"wp:featuredmedia":[{"embeddable":true,"href":"https:\/\/aja.pt\/en\/wp-json\/wp\/v2\/media\/21395"}],"wp:attachment":[{"href":"https:\/\/aja.pt\/en\/wp-json\/wp\/v2\/media?parent=21641"}],"wp:term":[{"taxonomy":"category","embeddable":true,"href":"https:\/\/aja.pt\/en\/wp-json\/wp\/v2\/categories?post=21641"},{"taxonomy":"post_tag","embeddable":true,"href":"https:\/\/aja.pt\/en\/wp-json\/wp\/v2\/tags?post=21641"}],"curies":[{"name":"wp","href":"https:\/\/api.w.org\/{rel}","templated":true}]}}