{"id":21633,"date":"2021-02-10T12:10:13","date_gmt":"2021-02-10T12:10:13","guid":{"rendered":"https:\/\/aja.pt\/?p=21633"},"modified":"2021-12-17T11:35:56","modified_gmt":"2021-12-17T11:35:56","slug":"nota-de-pesar-pelo-falecimento-de-carlos-antunes","status":"publish","type":"post","link":"https:\/\/aja.pt\/en\/nota-de-pesar-pelo-falecimento-de-carlos-antunes\/","title":{"rendered":"Nota de pesar pelo falecimento de Carlos Antunes"},"content":{"rendered":"<p><img loading=\"lazy\" class=\"alignnone wp-image-21634\" src=\"https:\/\/aja.pt\/wp-content\/uploads\/media-archive\/2021\/02\/carlos-antunes.jpg\" alt=\"carlos antunes\" width=\"484\" height=\"484\" \/><\/p>\n<p>&nbsp;<\/p>\n<p>A AJA lamenta o falecimento de Carlos Antunes, seu associado desde o tempo em que esta dava os primeiros passos, resistente antifascista desde os 16 anos, quando aderiu ao Partido Comunista. Homem inteligente e en\u00e9rgico, foi respons\u00e1vel pela organiza\u00e7\u00e3o clandestina do Partido na regi\u00e3o do Minho. A sua actividade pol\u00edtica e a repress\u00e3o que se vivia em Portugal levaram-no \u00e0 clandestinidade e posteriormente a refugiar-se em Paris e na Rom\u00e9nia, tendo trabalhado nos \u201cComit\u00e9s de Ajuda ao Povo Portugu\u00eas\u201d. Mais tarde, rompe com o Partido Comunista, pelas posi\u00e7\u00f5es que este partido assumiu em rela\u00e7\u00e3o \u00e0 invas\u00e3o da Checoslov\u00e1quia e tamb\u00e9m porque achava que s\u00f3 atrav\u00e9s da luta armada poderia ser derrubada a ditadura portuguesa. Nos finais dos anos 60 funda a \u201cBrigadas Revolucion\u00e1rias\u201d, que liderou at\u00e9 1974, juntamente com Isabel do Carmo, tamb\u00e9m j\u00e1 afastada do Partido. Em 1973 participa na cria\u00e7\u00e3o do Partido Revolucion\u00e1rio dos Trabalhadores (PRP). Depois do 25 de Abril participa em ac\u00e7\u00f5es armadas que o levam a ser preso e condenado, embora posteriormente absolvido, cumprindo cinco anos de pris\u00e3o. Foi sempre um homem do seu tempo, tomando posi\u00e7\u00f5es radicais, seguindo atentamente os avan\u00e7os e recuos pol\u00edticos da democracia trazida pelo 25 de Abril, e aderiu ao Ecossocialismo, sendo autor do livro \u201c Ecossocialismo, Uma alternativa verde para a Europa. Em 2014 entra no filme \u201cOutra forma de luta,\u201d do realizador Jo\u00e3o Pinho Nogueira.<\/p>\n<p>O COVID 19 venceu-o nesta luta final.<\/p>\n","protected":false},"excerpt":{"rendered":"<p>&nbsp; A AJA lamenta o falecimento de Carlos Antunes, seu associado desde o tempo em que esta dava os primeiros passos, resistente antifascista desde os 16 anos, quando aderiu ao Partido Comunista. Homem inteligente e en\u00e9rgico, foi respons\u00e1vel pela organiza\u00e7\u00e3o clandestina do Partido na regi\u00e3o do Minho. A sua actividade pol\u00edtica e a repress\u00e3o que [&hellip;]<\/p>\n","protected":false},"author":5,"featured_media":21634,"comment_status":"open","ping_status":"open","sticky":false,"template":"","format":"standard","meta":[],"categories":[59],"tags":[],"_links":{"self":[{"href":"https:\/\/aja.pt\/en\/wp-json\/wp\/v2\/posts\/21633"}],"collection":[{"href":"https:\/\/aja.pt\/en\/wp-json\/wp\/v2\/posts"}],"about":[{"href":"https:\/\/aja.pt\/en\/wp-json\/wp\/v2\/types\/post"}],"author":[{"embeddable":true,"href":"https:\/\/aja.pt\/en\/wp-json\/wp\/v2\/users\/5"}],"replies":[{"embeddable":true,"href":"https:\/\/aja.pt\/en\/wp-json\/wp\/v2\/comments?post=21633"}],"version-history":[{"count":0,"href":"https:\/\/aja.pt\/en\/wp-json\/wp\/v2\/posts\/21633\/revisions"}],"wp:featuredmedia":[{"embeddable":true,"href":"https:\/\/aja.pt\/en\/wp-json\/wp\/v2\/media\/21634"}],"wp:attachment":[{"href":"https:\/\/aja.pt\/en\/wp-json\/wp\/v2\/media?parent=21633"}],"wp:term":[{"taxonomy":"category","embeddable":true,"href":"https:\/\/aja.pt\/en\/wp-json\/wp\/v2\/categories?post=21633"},{"taxonomy":"post_tag","embeddable":true,"href":"https:\/\/aja.pt\/en\/wp-json\/wp\/v2\/tags?post=21633"}],"curies":[{"name":"wp","href":"https:\/\/api.w.org\/{rel}","templated":true}]}}