{"id":21585,"date":"2020-12-09T09:49:01","date_gmt":"2020-12-09T09:49:01","guid":{"rendered":"https:\/\/aja.pt\/?p=21585"},"modified":"2022-03-03T18:24:26","modified_gmt":"2022-03-03T18:24:26","slug":"aja-galiza-concerto-recorda-jose-afonso-este-domingo-com-transmissao-na-internet","status":"publish","type":"post","link":"https:\/\/aja.pt\/en\/aja-galiza-concerto-recorda-jose-afonso-este-domingo-com-transmissao-na-internet\/","title":{"rendered":"Concerto recorda Jos\u00e9 Afonso"},"content":{"rendered":"\n<p><\/p>\n\n\n<p><img loading=\"lazy\" class=\"alignnone wp-image-21586\" src=\"https:\/\/aja.pt\/wp-content\/uploads\/media-archive\/2020\/12\/AJA_CartazConcerto-800x1132.png\" alt=\"AJA_CartazConcerto-800x1132\" width=\"474\" height=\"671\"><\/p>\n<p>Um concerto com o cantor portugu\u00eas Tiago Fernandes e com o espanhol Pablo Carracedo, conhecido por Jasper, assinalam, no domingo, em Rianxo, a programa\u00e7\u00e3o \u201cAbril em dezembro\u201d, uma iniciativa da Associa\u00e7\u00e3o Jos\u00e9 Afonso (AJA)- Galiza.<\/p>\n<p>\u201cAbril em Dezembro. Cantos ao fio da Revolu\u00e7om dos Cravos\u201d, a decorrer durante o m\u00eas de dezembro, foi a iniciativa apresentada em confer\u00eancia de imprensa, em Rianxo, na Corunha, que integrar\u00e1 ainda uma exposi\u00e7\u00e3o sobre o cantautor portugu\u00eas cujos 80 anos de nascimento se assinalaram a 2 de agosto de 2019.<\/p>\n<p>Tiago Fernandes tocar\u00e1 e interpretar\u00e1 temos originais e vers\u00f5es de cantores portugueses como Jos\u00e9 Afonso, S\u00e9rgio Godinho, Jos\u00e9 M\u00e1rio Branco, Ary dos Santos, Fernando Pessoa, Lu\u00eds de Cam\u00f5es, Samuel \u00daria, Capicua, Deolinda e Xutos e Pontap\u00e9s.<\/p>\n<p>J\u00e1 Pablo Carracedo, Jasper de nome art\u00edstico, que liderou o grupo de rock NAO, \u00e9 conhecido pelas letras de cariz social e compromisso pol\u00edtico das suas can\u00e7\u00f5es. O cantor interpretar\u00e1 temas do repert\u00f3rio cl\u00e1ssico do autor de \u201cGr\u00e2ndola , vila morena\u201d e temas pr\u00f3prios.<\/p>\n<p>O concerto est\u00e1 programado para as 12h00, de dia 13, no Pazo de Rianxi\u00f1o ou no Audit\u00f3rio Municipal de Rianxo, consoante as condi\u00e7\u00f5es meteorol\u00f3gicas, mas tamb\u00e9m ser\u00e1 emitido em streaming, foi hoje anunciado.<\/p>\n<p>Para poder assistir em direto \u00e0 iniciativa, o p\u00fablico tem de se registar no site da AJA-Galiza \u2013 <a href=\"http:\/\/www.aja.gal\">www.aja.gal<\/a> \u2013 ou enviar um e-mail para aquela associa\u00e7\u00e3o (info@aja.gal), uma vez que os lugares dispon\u00edveis s\u00e3o limitados devido \u00e0s medidas de conten\u00e7\u00e3o da pandemia de COVID-19.<\/p>\n<p>&#8220;Jos\u00e9 Afonso, Geografias de uma vida&#8221;, com fotografias, documentos e textos informativos, \u00e9 o t\u00edtulo da mostra patente ao p\u00fablico, a partir de quarta-feira, com entrada livre, na Casa da Cultura &#8220;Quartel Vello&#8221;, edif\u00edcio que durante anos acolheu a Guarda Civil e onde est\u00e1 sede da Hemeroteca de Rianxo.<\/p>\n<p>Com a mostra, a AJA-Galiza pretende difundir a obra de Jos\u00e9 Afonso na Galiza, onde o cantautor interpretou, pela primeira vez ao vivo, a can\u00e7\u00e3o que viria a tornar-se uma das senhas do 25 de Abril &#8211; &#8220;Gr\u00e2ndola, vila morena&#8221; &#8211; e foi como uma primeira abordagem destinada a compreender a vida e influ\u00eancias musicais do cantautor nascido em Aveiro, das suas estadas em Angola e Mo\u00e7ambique, bem como em Belmonte, Coimbra e Set\u00fabal.<\/p>\n<p>Organizada pela AJA Portugal, no \u00e2mbito das comemora\u00e7\u00f5es dos 80 anos de nascimento do autor de &#8220;Os vampiros&#8221;, a mostra chega agora \u00e0 Galiza depois de ter percorrido em v\u00e1rias cidades portugueses, numa iniciativa conjunta do polo galego da associa\u00e7\u00e3o e do governo provincial da Corunha.<\/p>\n<p>As iniciativas agora divulgadas constam da reprograma\u00e7\u00e3o das previstas para a semana do 25 de Abril, uma organiza\u00e7\u00e3o em colabora\u00e7\u00e3o com o governo provincial da Corunha e da agremia\u00e7\u00e3o A Gentalha do Pichel (Santiago de Compostela).<\/p>\n<p>Recorde-se que foi no Burgo das Na\u00e7\u00f5es, Santiago de Compostela, a 10 de maio de 1972, que Jos\u00e9 Afonso cantou pela primeira vez em p\u00fablico &#8220;Gr\u00e2ndola, vila morena&#8221;. (LUSA)<\/p>","protected":false},"excerpt":{"rendered":"<p>Um concerto com o cantor portugu\u00eas Tiago Fernandes e com o espanhol Pablo Carracedo, conhecido por Jasper, assinalam, no domingo, em Rianxo, a programa\u00e7\u00e3o \u201cAbril em dezembro\u201d, uma iniciativa da Associa\u00e7\u00e3o Jos\u00e9 Afonso (AJA)- Galiza. \u201cAbril em Dezembro. Cantos ao fio da Revolu\u00e7om dos Cravos\u201d, a decorrer durante o m\u00eas de dezembro, foi a iniciativa [&hellip;]<\/p>\n","protected":false},"author":5,"featured_media":21586,"comment_status":"open","ping_status":"open","sticky":false,"template":"","format":"standard","meta":[],"categories":[58],"tags":[],"_links":{"self":[{"href":"https:\/\/aja.pt\/en\/wp-json\/wp\/v2\/posts\/21585"}],"collection":[{"href":"https:\/\/aja.pt\/en\/wp-json\/wp\/v2\/posts"}],"about":[{"href":"https:\/\/aja.pt\/en\/wp-json\/wp\/v2\/types\/post"}],"author":[{"embeddable":true,"href":"https:\/\/aja.pt\/en\/wp-json\/wp\/v2\/users\/5"}],"replies":[{"embeddable":true,"href":"https:\/\/aja.pt\/en\/wp-json\/wp\/v2\/comments?post=21585"}],"version-history":[{"count":2,"href":"https:\/\/aja.pt\/en\/wp-json\/wp\/v2\/posts\/21585\/revisions"}],"predecessor-version":[{"id":38182,"href":"https:\/\/aja.pt\/en\/wp-json\/wp\/v2\/posts\/21585\/revisions\/38182"}],"wp:featuredmedia":[{"embeddable":true,"href":"https:\/\/aja.pt\/en\/wp-json\/wp\/v2\/media\/21586"}],"wp:attachment":[{"href":"https:\/\/aja.pt\/en\/wp-json\/wp\/v2\/media?parent=21585"}],"wp:term":[{"taxonomy":"category","embeddable":true,"href":"https:\/\/aja.pt\/en\/wp-json\/wp\/v2\/categories?post=21585"},{"taxonomy":"post_tag","embeddable":true,"href":"https:\/\/aja.pt\/en\/wp-json\/wp\/v2\/tags?post=21585"}],"curies":[{"name":"wp","href":"https:\/\/api.w.org\/{rel}","templated":true}]}}