{"id":20961,"date":"2019-05-08T15:57:08","date_gmt":"2019-05-08T14:57:08","guid":{"rendered":"https:\/\/aja.pt\/?p=20961"},"modified":"2021-12-17T11:35:57","modified_gmt":"2021-12-17T11:35:57","slug":"inscreve-te-no-encontro-nacional-de-socios-e-amigos-da-associacao-jose-afonso-a-1-e-2-junho-2019-em-santarem","status":"publish","type":"post","link":"https:\/\/aja.pt\/en\/inscreve-te-no-encontro-nacional-de-socios-e-amigos-da-associacao-jose-afonso-a-1-e-2-junho-2019-em-santarem\/","title":{"rendered":"Inscreve-te no Encontro Nacional de S\u00f3cios e Amigos da Associa\u00e7\u00e3o Jos\u00e9 Afonso a 1 e 2 junho em Santar\u00e9m"},"content":{"rendered":"<p><img loading=\"lazy\" class=\"alignnone wp-image-20962\" src=\"https:\/\/aja.pt\/wp-content\/uploads\/media-archive\/2019\/05\/Cartaz-encontro-socios-amigos.png\" alt=\"Cartaz encontro socios amigos\" width=\"468\" height=\"331\" \/><\/p>\n<p>A todos os S\u00f3cios e Amigos da AJA<br \/>\nEncontro Nacional de S\u00f3cios e Amigos da Associa\u00e7\u00e3o Jos\u00e9 Afonso 1 e 2 Junho 2019 &#8211; Santar\u00e9m<br \/>\nFormul\u00e1rio para inscri\u00e7\u00e3o, no Link abaixo!<br \/>\n<a href=\"https:\/\/forms.gle\/p6WgC2BwQ3ZutT2z9?fbclid=IwAR2rtAcT1U-orOF6jPllU9yBalPYSs-xFZ4Al3ne8wFKaXzFQjNGlIX36xs\" target=\"_blank\" rel=\"noopener nofollow\" data-ft=\"{&quot;tn&quot;:&quot;-U&quot;}\" data-lynx-mode=\"async\" data-lynx-uri=\"https:\/\/l.facebook.com\/l.php?u=https%3A%2F%2Fforms.gle%2Fp6WgC2BwQ3ZutT2z9%3Ffbclid%3DIwAR2rtAcT1U-orOF6jPllU9yBalPYSs-xFZ4Al3ne8wFKaXzFQjNGlIX36xs&amp;h=AT2bQob51YHzFMYHAyW7iioBIMEwEYaQODHJwPuAtZJwrumtjmS66oV2JKA1O_3AxWnDLHwEoJYUOcqozbYhEUBh2RU1Jaxl4BTIWZ6NR3HNU5Ui59ssEMcSZDbwqD7Hw7WxcLM1ZJ24pnl9R8P0u5omXGfVM0BzOLxlX0FbwsGf0Z9WB_f7woZ7k4cbP5LZ0GTu056_jZLn5v6Lx3YfD802M8Ks0ZKKfx-kyweZ-VmmeCxapYekG6g7k8QY-hQBZ2P7KMwNM10OpFaex7tJ2wxodpjshrtS9UH8pD6Oo-_k9JDPLylJH6f6iVBU3_GLrBtlCwUNLB8KklwKnYvSbsFmnhBhjjvXwzy29t_l6UyR79IuDC7lToLfW7kWDnARC1TyvHv1kX295VDz0tK0jTNTwk5Np6J91rrf98CbvPsdMx0AAm7VznO-0smVTqLWiRtVbvGZ6dZZb8dvHLt-7J6_Pxl8iDa345ZhS7vV8zoscXAcIZW_lf7RveWDGlDBaJzeZRYXnTYBUa3lIsAoHBlf9IW6LSjcjJjDOoV6Bl74RWvo-R--ABq02Q4ZnlqshKaqFg6uxnNPMzVq6HK-H8MtCrCGIKzrLFmNEw1uh4iJhs34kCnp97ytxOMNJfF8FmI\">https:\/\/forms.gle\/p6WgC2BwQ3ZutT2z9<\/a><\/p>\n<div>As inscri\u00e7\u00f5es dever\u00e3o ser efectuadas at\u00e9 ao dia 18 de Maio, por forma a podermos tratar das reservas de dormidas e refei\u00e7\u00f5es atempadamente.<\/div>\n<div><\/div>\n<div>Outra informa\u00e7\u00e3o\/pedido:<\/div>\n<div><\/div>\n<div>Solicita-se aos s\u00f3cios e Amigos ou aos N\u00facleos da AJA que tenham interesse em colaborar, intervindo no ser\u00e3o musical (s\u00e1bado a partir das 22h) que nos informem at\u00e9 ao dia 18 para podermos organizar o alinhamento do espect\u00e1culo.<\/div>\n<p>O programa do Encontro\u00a0 decorrer\u00e1 na Casa do Campino, no antigo Campo da Feira Nacional da Agricultura.<\/p>\n<p>Este programa poder\u00e1 sofrer algum ajuste de \u00faltima hora em fun\u00e7\u00e3o do n\u00famero de inscri\u00e7\u00f5es recolhidas, e\/ou quaisquer motivos de for\u00e7a maior (log\u00edsticos ou meteorol\u00f3gicos).<\/p>\n<p>S\u00e1bado dia 1 Junho<br \/>\n11.00h &#8211; Recep\u00e7\u00e3o dos Convivas<br \/>\n12.30h &#8211; Almo\u00e7o<br \/>\n16:00h &#8211; Tarde de Conversa sob o tema &#8221; PONTO DE SITUA\u00c7\u00c3O DA AJA E COMO PREPARAR O FUTURO&#8221;<br \/>\n20.30h &#8211; Jantar<br \/>\n22.00h &#8211; Momento Musical (com artistas da AJA)<\/p>\n<p>Domingo dia 2 de Junho<br \/>\n10.00h &#8211; Passeio \u00e0 aldeia Avieira das Caneiras (com eventual passeio de barco no Tejo)<br \/>\n12.30h Almo\u00e7o Avieiro (Caneiras \u00e0 beira rio) Com Sopa de Peixe e pratos avieiros ou grelhados<br \/>\n16.00h &#8211; Despedidas e Encerramento do Encontro<\/p>\n<p>NOTA: Os pre\u00e7os definitivos ser\u00e3o anunciados assim que tenhamos mais elementos.<\/p>\n<p>Mais informa\u00e7\u00f5es: <a href=\"mailto:ajasantarem@gmail.com\">ajasantarem@gmail.com<\/a> ou 964563460 (Madeira Lopes) 963512243 (Carlos Cruz)<\/p>\n","protected":false},"excerpt":{"rendered":"<p>A todos os S\u00f3cios e Amigos da AJA Encontro Nacional de S\u00f3cios e Amigos da Associa\u00e7\u00e3o Jos\u00e9 Afonso 1 e 2 Junho 2019 &#8211; Santar\u00e9m Formul\u00e1rio para inscri\u00e7\u00e3o, no Link abaixo! https:\/\/forms.gle\/p6WgC2BwQ3ZutT2z9 As inscri\u00e7\u00f5es dever\u00e3o ser efectuadas at\u00e9 ao dia 18 de Maio, por forma a podermos tratar das reservas de dormidas e refei\u00e7\u00f5es atempadamente. [&hellip;]<\/p>\n","protected":false},"author":5,"featured_media":20962,"comment_status":"open","ping_status":"open","sticky":false,"template":"","format":"standard","meta":[],"categories":[59],"tags":[],"_links":{"self":[{"href":"https:\/\/aja.pt\/en\/wp-json\/wp\/v2\/posts\/20961"}],"collection":[{"href":"https:\/\/aja.pt\/en\/wp-json\/wp\/v2\/posts"}],"about":[{"href":"https:\/\/aja.pt\/en\/wp-json\/wp\/v2\/types\/post"}],"author":[{"embeddable":true,"href":"https:\/\/aja.pt\/en\/wp-json\/wp\/v2\/users\/5"}],"replies":[{"embeddable":true,"href":"https:\/\/aja.pt\/en\/wp-json\/wp\/v2\/comments?post=20961"}],"version-history":[{"count":0,"href":"https:\/\/aja.pt\/en\/wp-json\/wp\/v2\/posts\/20961\/revisions"}],"wp:featuredmedia":[{"embeddable":true,"href":"https:\/\/aja.pt\/en\/wp-json\/wp\/v2\/media\/20962"}],"wp:attachment":[{"href":"https:\/\/aja.pt\/en\/wp-json\/wp\/v2\/media?parent=20961"}],"wp:term":[{"taxonomy":"category","embeddable":true,"href":"https:\/\/aja.pt\/en\/wp-json\/wp\/v2\/categories?post=20961"},{"taxonomy":"post_tag","embeddable":true,"href":"https:\/\/aja.pt\/en\/wp-json\/wp\/v2\/tags?post=20961"}],"curies":[{"name":"wp","href":"https:\/\/api.w.org\/{rel}","templated":true}]}}