{"id":20813,"date":"2019-02-15T09:45:20","date_gmt":"2019-02-15T09:45:20","guid":{"rendered":"https:\/\/aja.pt\/?p=20813"},"modified":"2021-12-17T11:35:58","modified_gmt":"2021-12-17T11:35:58","slug":"cascais-lia-gama-antonio-simao-e-joao-meireles-leem-poemas-de-jose-afonso-na-casa-sommer-dia-16-de-marco-pelas-1830-horas","status":"publish","type":"post","link":"https:\/\/aja.pt\/en\/cascais-lia-gama-antonio-simao-e-joao-meireles-leem-poemas-de-jose-afonso-na-casa-sommer-dia-16-de-marco-pelas-1830-horas\/","title":{"rendered":"(Cascais) Lia Gama, Ant\u00f3nio Sim\u00e3o e Jo\u00e3o Meireles l\u00eaem poemas de Jos\u00e9 Afonso na Casa Sommer, dia 16 de mar\u00e7o, pelas 18,30 horas"},"content":{"rendered":"<p><img loading=\"lazy\" class=\"alignnone  wp-image-20814\" src=\"https:\/\/aja.pt\/wp-content\/uploads\/media-archive\/2019\/03\/755_EM_VOZ_ALTA_2019.jpg\" alt=\"755_EM_VOZ_ALTA_2019\" width=\"542\" height=\"267\" \/><\/p>\n<p>No s\u00e1bado 16 de mar\u00e7o, pelas 18.30, Lia Gama, Ant\u00f3nio Sim\u00e3o e Jo\u00e3o Meireles l\u00eaem poemas de Jos\u00e9 Afonso na Casa Sommer, em Cascais, numa iniciativa conjunta dos Artistas Unidos, Funda\u00e7\u00e3o D. Lu\u00eds e C\u00e2mara Municipal de Cascais, integrada no ciclo de poesia &#8220;Em voz alta&#8221;.<\/p>\n<p style=\"text-align: center;\"><strong>Jos\u00e9 Afonso<\/strong><\/p>\n<p style=\"text-align: center;\"><strong>por\u00a0Lia Gama, Ant\u00f3nio Sim\u00e3o e Jo\u00e3o Meireles<\/strong><\/p>\n<p style=\"text-align: center;\">JOS\u00c9 AFONSO nasceu em Aveiro em 1929, filho de um magistrado e de uma professora prim\u00e1ria. A inf\u00e2ncia reparte-se entre Aveiro, Angola, Mo\u00e7ambique, Belmonte e Coimbra. Em 1953 grava os primeiros discos, com \u00abFado das \u00c1guias\u00bb e outras can\u00e7\u00f5es. Em 1960 grava a \u00abBalada de Outono\u00bb e regressa a \u00c1frica em 1964 como mestre-escola, experi\u00eancia que se revelar\u00e1 fundamental na sua forma\u00e7\u00e3o pol\u00edtica. Expulso do ensino por raz\u00f5es pol\u00edticas, dedica-se mais assiduamente \u00e0 m\u00fasica e inicia um per\u00edodo de grava\u00e7\u00f5es regulares com \u00abCantares do Andarilho\u00bb (1968). Participa activamente no III Congresso da Oposi\u00e7\u00e3o Democr\u00e1tica, em Aveiro, em Mar\u00e7o de 1973 (onde estreia em p\u00fablico \u00abO Que Faz Falta\u00bb) e envolve-se na ac\u00e7\u00e3o politica com grupos de v\u00e1rios sectores da Esquerda, desde o PCP \u00e0 LUAR. Publica \u00abVenham mais Cinco\u00bb (73). Em 29 de Mar\u00e7o de 1974 participa no Encontro da Can\u00e7\u00e3o, no Coliseu dos Recreios, onde a censura n\u00e3o lhe permite cantar mais do que duas can\u00e7\u00f5es: \u00abMilho Verde\u00bb e \u00abGr\u00e2ndola Vila Morena\u00bb. Em 1983 realiza os \u00faltimos espect\u00e1culos, nos coliseus de Lisboa e Porto. Publica o disco \u00abAo Vivo no Coliseu\u00bb e um bel\u00edssimo LP de originais, \u00abComo Se Fora Seu Filho\u00bb. Em 1985 publica o derradeiro disco, \u00abGalinhas do Mato\u00bb, onde j\u00e1 s\u00f3 d\u00e1 voz a dois dos temas. Os restantes t\u00eam interpreta\u00e7\u00f5es de Janita Salom\u00e9, Helena Vieira, Lu\u00eds Represas, N\u00e9 Ladeiras e Jos\u00e9 M\u00e1rio Branco. Morreu em Set\u00fabal em 1987.<\/p>\n<p style=\"text-align: center;\"><a href=\"https:\/\/www.fundacaodomluis.pt\/index.php?option=com_content&amp;view=article&amp;id=672&amp;catid=72\">https:\/\/www.fundacaodomluis.pt\/index.php?option=com_content&amp;view=article&amp;id=672&amp;catid=72<\/a><\/p>\n","protected":false},"excerpt":{"rendered":"<p>No s\u00e1bado 16 de mar\u00e7o, pelas 18.30, Lia Gama, Ant\u00f3nio Sim\u00e3o e Jo\u00e3o Meireles l\u00eaem poemas de Jos\u00e9 Afonso na Casa Sommer, em Cascais, numa iniciativa conjunta dos Artistas Unidos, Funda\u00e7\u00e3o D. Lu\u00eds e C\u00e2mara Municipal de Cascais, integrada no ciclo de poesia &#8220;Em voz alta&#8221;. Jos\u00e9 Afonso por\u00a0Lia Gama, Ant\u00f3nio Sim\u00e3o e Jo\u00e3o Meireles [&hellip;]<\/p>\n","protected":false},"author":5,"featured_media":20814,"comment_status":"open","ping_status":"open","sticky":false,"template":"","format":"standard","meta":[],"categories":[376,96],"tags":[],"_links":{"self":[{"href":"https:\/\/aja.pt\/en\/wp-json\/wp\/v2\/posts\/20813"}],"collection":[{"href":"https:\/\/aja.pt\/en\/wp-json\/wp\/v2\/posts"}],"about":[{"href":"https:\/\/aja.pt\/en\/wp-json\/wp\/v2\/types\/post"}],"author":[{"embeddable":true,"href":"https:\/\/aja.pt\/en\/wp-json\/wp\/v2\/users\/5"}],"replies":[{"embeddable":true,"href":"https:\/\/aja.pt\/en\/wp-json\/wp\/v2\/comments?post=20813"}],"version-history":[{"count":0,"href":"https:\/\/aja.pt\/en\/wp-json\/wp\/v2\/posts\/20813\/revisions"}],"wp:featuredmedia":[{"embeddable":true,"href":"https:\/\/aja.pt\/en\/wp-json\/wp\/v2\/media\/20814"}],"wp:attachment":[{"href":"https:\/\/aja.pt\/en\/wp-json\/wp\/v2\/media?parent=20813"}],"wp:term":[{"taxonomy":"category","embeddable":true,"href":"https:\/\/aja.pt\/en\/wp-json\/wp\/v2\/categories?post=20813"},{"taxonomy":"post_tag","embeddable":true,"href":"https:\/\/aja.pt\/en\/wp-json\/wp\/v2\/tags?post=20813"}],"curies":[{"name":"wp","href":"https:\/\/api.w.org\/{rel}","templated":true}]}}