{"id":20678,"date":"2019-01-07T09:46:18","date_gmt":"2019-01-07T09:46:18","guid":{"rendered":"https:\/\/aja.pt\/?p=20678"},"modified":"2021-12-17T11:36:13","modified_gmt":"2021-12-17T11:36:13","slug":"ajalisboa-assinala-7o-aniversario-do-nucleo-no-dia-11-de-janeiro","status":"publish","type":"post","link":"https:\/\/aja.pt\/en\/ajalisboa-assinala-7o-aniversario-do-nucleo-no-dia-11-de-janeiro\/","title":{"rendered":"AJALisboa assinala 7\u00ba anivers\u00e1rio do N\u00facleo no dia 11 de Janeiro"},"content":{"rendered":"<p><em><img loading=\"lazy\" class=\"alignnone  wp-image-20679\" src=\"https:\/\/aja.pt\/wp-content\/uploads\/media-archive\/2019\/01\/49343228_1476603165803224_5155276045984727040_n.jpg\" alt=\"49343228_1476603165803224_5155276045984727040_n\" width=\"487\" height=\"257\" \/><\/em><\/p>\n<p>Sexta-feira, 11 de Janeiro, \u00e0s 19 horas<\/p>\n<p><em>Como habitualmente queremos festejar o anivers\u00e1rio do N\u00facleo da AJA Lisboa em ambiente de Festa, pelo que vos convidamos a partilharem as vossas e nossas iguarias, neste conv\u00edvio que ser\u00e1 abrilhantado por momentos de m\u00fasica e poesia.<br \/>\nVenham todos e tragam amigos!<\/em><\/p>\n<p><a href=\"https:\/\/www.facebook.com\/events\/358034208261921\/\">https:\/\/www.facebook.com\/events\/358034208261921\/<\/a><\/p>\n","protected":false},"excerpt":{"rendered":"<p>Sexta-feira, 11 de Janeiro, \u00e0s 19 horas Como habitualmente queremos festejar o anivers\u00e1rio do N\u00facleo da AJA Lisboa em ambiente de Festa, pelo que vos convidamos a partilharem as vossas e nossas iguarias, neste conv\u00edvio que ser\u00e1 abrilhantado por momentos de m\u00fasica e poesia. Venham todos e tragam amigos! https:\/\/www.facebook.com\/events\/358034208261921\/<\/p>\n","protected":false},"author":5,"featured_media":20679,"comment_status":"open","ping_status":"open","sticky":false,"template":"","format":"standard","meta":[],"categories":[58],"tags":[],"_links":{"self":[{"href":"https:\/\/aja.pt\/en\/wp-json\/wp\/v2\/posts\/20678"}],"collection":[{"href":"https:\/\/aja.pt\/en\/wp-json\/wp\/v2\/posts"}],"about":[{"href":"https:\/\/aja.pt\/en\/wp-json\/wp\/v2\/types\/post"}],"author":[{"embeddable":true,"href":"https:\/\/aja.pt\/en\/wp-json\/wp\/v2\/users\/5"}],"replies":[{"embeddable":true,"href":"https:\/\/aja.pt\/en\/wp-json\/wp\/v2\/comments?post=20678"}],"version-history":[{"count":0,"href":"https:\/\/aja.pt\/en\/wp-json\/wp\/v2\/posts\/20678\/revisions"}],"wp:featuredmedia":[{"embeddable":true,"href":"https:\/\/aja.pt\/en\/wp-json\/wp\/v2\/media\/20679"}],"wp:attachment":[{"href":"https:\/\/aja.pt\/en\/wp-json\/wp\/v2\/media?parent=20678"}],"wp:term":[{"taxonomy":"category","embeddable":true,"href":"https:\/\/aja.pt\/en\/wp-json\/wp\/v2\/categories?post=20678"},{"taxonomy":"post_tag","embeddable":true,"href":"https:\/\/aja.pt\/en\/wp-json\/wp\/v2\/tags?post=20678"}],"curies":[{"name":"wp","href":"https:\/\/api.w.org\/{rel}","templated":true}]}}