{"id":20556,"date":"2018-10-20T11:10:43","date_gmt":"2018-10-20T10:10:43","guid":{"rendered":"https:\/\/aja.pt\/?p=20556"},"modified":"2022-03-05T15:33:02","modified_gmt":"2022-03-05T15:33:02","slug":"apresentacao-do-ultimo-livro-de-carlos-carranca-na-aja-lisboa","status":"publish","type":"post","link":"https:\/\/aja.pt\/en\/apresentacao-do-ultimo-livro-de-carlos-carranca-na-aja-lisboa\/","title":{"rendered":"Carlos Carranca na AJA Lisboa"},"content":{"rendered":"<p><img loading=\"lazy\" class=\"alignnone wp-image-20557\" src=\"https:\/\/aja.pt\/wp-content\/uploads\/media-archive\/2018\/10\/aja-lisbos.jpg\" alt=\"aja lisbos\" width=\"475\" height=\"261\"><\/p>\n<p>CARLOS Alberto CARRANCA de Oliveira e Sousa, nasceu na Figueira da Foz a 9 de novembro de 1957. Professor do Ensino Superior, poeta, ensa\u00edsta, cronista e dramaturgo. \u00c9 reconhecidamente como autor e interprete uma das refer\u00eancias do Fado e da Balada de Coimbra. Com uma vasta obra publicada (cerca de 40 t\u00edtulos entre poesia, ensaio, cr\u00f3nica e teatro) \u00e9, segundo Urbano Tavares Rodrigues &#8220;(&#8230;) um D. Quixote que se revela contra a mesquinhez do mundo e cavalga, \u00e0 procura de si, de um sentido, de um segredo, de um sinal&#8221;. Para Eug\u00e9nio Lisboa &#8220;Carranca traz dentro de si um vulc\u00e3o po\u00e9tico&#8221;.<\/p>\n","protected":false},"excerpt":{"rendered":"<p>CARLOS Alberto CARRANCA de Oliveira e Sousa, nasceu na Figueira da Foz a 9 de novembro de 1957. Professor do Ensino Superior, poeta, ensa\u00edsta, cronista e dramaturgo. \u00c9 reconhecidamente como autor e interprete uma das refer\u00eancias do Fado e da Balada de Coimbra. Com uma vasta obra publicada (cerca de 40 t\u00edtulos entre poesia, ensaio, [&hellip;]<\/p>\n","protected":false},"author":5,"featured_media":20557,"comment_status":"open","ping_status":"open","sticky":false,"template":"","format":"standard","meta":[],"categories":[58],"tags":[],"_links":{"self":[{"href":"https:\/\/aja.pt\/en\/wp-json\/wp\/v2\/posts\/20556"}],"collection":[{"href":"https:\/\/aja.pt\/en\/wp-json\/wp\/v2\/posts"}],"about":[{"href":"https:\/\/aja.pt\/en\/wp-json\/wp\/v2\/types\/post"}],"author":[{"embeddable":true,"href":"https:\/\/aja.pt\/en\/wp-json\/wp\/v2\/users\/5"}],"replies":[{"embeddable":true,"href":"https:\/\/aja.pt\/en\/wp-json\/wp\/v2\/comments?post=20556"}],"version-history":[{"count":2,"href":"https:\/\/aja.pt\/en\/wp-json\/wp\/v2\/posts\/20556\/revisions"}],"predecessor-version":[{"id":38266,"href":"https:\/\/aja.pt\/en\/wp-json\/wp\/v2\/posts\/20556\/revisions\/38266"}],"wp:featuredmedia":[{"embeddable":true,"href":"https:\/\/aja.pt\/en\/wp-json\/wp\/v2\/media\/20557"}],"wp:attachment":[{"href":"https:\/\/aja.pt\/en\/wp-json\/wp\/v2\/media?parent=20556"}],"wp:term":[{"taxonomy":"category","embeddable":true,"href":"https:\/\/aja.pt\/en\/wp-json\/wp\/v2\/categories?post=20556"},{"taxonomy":"post_tag","embeddable":true,"href":"https:\/\/aja.pt\/en\/wp-json\/wp\/v2\/tags?post=20556"}],"curies":[{"name":"wp","href":"https:\/\/api.w.org\/{rel}","templated":true}]}}