{"id":19809,"date":"2016-02-22T19:56:44","date_gmt":"2016-02-22T19:56:44","guid":{"rendered":"https:\/\/aja.pt\/?p=19809"},"modified":"2021-12-17T11:36:18","modified_gmt":"2021-12-17T11:36:18","slug":"19809-2","status":"publish","type":"post","link":"https:\/\/aja.pt\/en\/19809-2\/","title":{"rendered":"Evoca\u00e7\u00e3o a Zeca Afonso &#8211; 29 anos depois"},"content":{"rendered":"<p><img loading=\"lazy\" class=\"alignnone size-full wp-image-19806\" style=\"color: #990000;\" src=\"https:\/\/aja.pt\/wp-content\/uploads\/media-archive\/2016\/02\/29anos-de-Saudade_cartaz.jpg\" alt=\"29anos de Saudade_cartaz\" width=\"477\" height=\"670\" \/><\/p>\n<p style=\"text-align: justify;\">No dia 23 de fevereiro, na AJA Lisboa, o legado art\u00edstico de Jos\u00e9 Afonso ser\u00e1 evocado por um vasto e variado elenco:<\/p>\n<p>B Fachada<br \/>\nBenjamim<br \/>\nAP Braga<br \/>\nAlexandre Monteiro<br \/>\nAlfredo Azinheira<br \/>\nAnt\u00f3nio Rosa<br \/>\nCarlos Karlos<br \/>\nJo\u00e3o Carlos Lopes e C\u00e9u Dias<br \/>\nJos\u00e9 Pinho<br \/>\nManuel Teixeira<br \/>\nMarta Ramos<br \/>\nPedro Luis<br \/>\nRui Gomes<\/p>\n","protected":false},"excerpt":{"rendered":"<p>No dia 23 de fevereiro, na AJA Lisboa, o legado art\u00edstico de Jos\u00e9 Afonso ser\u00e1 evocado por um vasto e variado elenco: B Fachada Benjamim AP Braga Alexandre Monteiro Alfredo Azinheira Ant\u00f3nio Rosa Carlos Karlos Jo\u00e3o Carlos Lopes e C\u00e9u Dias Jos\u00e9 Pinho Manuel Teixeira Marta Ramos Pedro Luis Rui Gomes<\/p>\n","protected":false},"author":5,"featured_media":19806,"comment_status":"open","ping_status":"open","sticky":false,"template":"","format":"standard","meta":[],"categories":[290,58],"tags":[],"_links":{"self":[{"href":"https:\/\/aja.pt\/en\/wp-json\/wp\/v2\/posts\/19809"}],"collection":[{"href":"https:\/\/aja.pt\/en\/wp-json\/wp\/v2\/posts"}],"about":[{"href":"https:\/\/aja.pt\/en\/wp-json\/wp\/v2\/types\/post"}],"author":[{"embeddable":true,"href":"https:\/\/aja.pt\/en\/wp-json\/wp\/v2\/users\/5"}],"replies":[{"embeddable":true,"href":"https:\/\/aja.pt\/en\/wp-json\/wp\/v2\/comments?post=19809"}],"version-history":[{"count":0,"href":"https:\/\/aja.pt\/en\/wp-json\/wp\/v2\/posts\/19809\/revisions"}],"wp:featuredmedia":[{"embeddable":true,"href":"https:\/\/aja.pt\/en\/wp-json\/wp\/v2\/media\/19806"}],"wp:attachment":[{"href":"https:\/\/aja.pt\/en\/wp-json\/wp\/v2\/media?parent=19809"}],"wp:term":[{"taxonomy":"category","embeddable":true,"href":"https:\/\/aja.pt\/en\/wp-json\/wp\/v2\/categories?post=19809"},{"taxonomy":"post_tag","embeddable":true,"href":"https:\/\/aja.pt\/en\/wp-json\/wp\/v2\/tags?post=19809"}],"curies":[{"name":"wp","href":"https:\/\/api.w.org\/{rel}","templated":true}]}}