{"id":19726,"date":"2015-11-29T23:55:29","date_gmt":"2015-11-29T23:55:29","guid":{"rendered":"https:\/\/aja.pt\/?p=19726"},"modified":"2021-12-17T11:36:19","modified_gmt":"2021-12-17T11:36:19","slug":"conversa-de-amigos","status":"publish","type":"post","link":"https:\/\/aja.pt\/en\/conversa-de-amigos\/","title":{"rendered":"Conversa de amigos"},"content":{"rendered":"<p><img loading=\"lazy\" class=\"alignnone size-full wp-image-19725\" src=\"https:\/\/aja.pt\/wp-content\/uploads\/media-archive\/2015\/11\/CartazConversa_3-12.jpg\" alt=\"CartazConversa_3-12\" width=\"477\" height=\"427\" \/><\/p>\n<p>Em mais uma &#8220;Conversa de Amigos&#8221; na AJA Lisboa\u200b, \u200ba realizar \u200bno dia 3 de dezembro, \u200bpelas 18h30, Alberto Matos, Helder Costa e Janita Salom\u00e9 \u200brecordar\u200b\u00e3o\u200b viv\u00eancias com Zeca Afonso\u200b.\u200b Das v\u00e1rias dimens\u00f5es da personalidade de Zeca Afonso, o Poeta, o M\u00fasico, o Cantor, o Pai de fam\u00edlia, o Amigo, o Cidad\u00e3o de corpo inteiro que nunca se conformou com as verdades absolutas nem se acomodou nas ideias feitas&#8230; Sempre questionador, em busca de novos caminhos&#8230; De tudo isso e do que n\u00e3o podemos prever se falar\u00e1, porque entre Amigos a conversa flui naturalmente e o imprevisto acontece.<\/p>\n","protected":false},"excerpt":{"rendered":"<p>Em mais uma &#8220;Conversa de Amigos&#8221; na AJA Lisboa\u200b, \u200ba realizar \u200bno dia 3 de dezembro, \u200bpelas 18h30, Alberto Matos, Helder Costa e Janita Salom\u00e9 \u200brecordar\u200b\u00e3o\u200b viv\u00eancias com Zeca Afonso\u200b.\u200b Das v\u00e1rias dimens\u00f5es da personalidade de Zeca Afonso, o Poeta, o M\u00fasico, o Cantor, o Pai de fam\u00edlia, o Amigo, o Cidad\u00e3o de corpo inteiro [&hellip;]<\/p>\n","protected":false},"author":5,"featured_media":19725,"comment_status":"open","ping_status":"open","sticky":false,"template":"","format":"standard","meta":[],"categories":[290,58,402],"tags":[],"_links":{"self":[{"href":"https:\/\/aja.pt\/en\/wp-json\/wp\/v2\/posts\/19726"}],"collection":[{"href":"https:\/\/aja.pt\/en\/wp-json\/wp\/v2\/posts"}],"about":[{"href":"https:\/\/aja.pt\/en\/wp-json\/wp\/v2\/types\/post"}],"author":[{"embeddable":true,"href":"https:\/\/aja.pt\/en\/wp-json\/wp\/v2\/users\/5"}],"replies":[{"embeddable":true,"href":"https:\/\/aja.pt\/en\/wp-json\/wp\/v2\/comments?post=19726"}],"version-history":[{"count":0,"href":"https:\/\/aja.pt\/en\/wp-json\/wp\/v2\/posts\/19726\/revisions"}],"wp:featuredmedia":[{"embeddable":true,"href":"https:\/\/aja.pt\/en\/wp-json\/wp\/v2\/media\/19725"}],"wp:attachment":[{"href":"https:\/\/aja.pt\/en\/wp-json\/wp\/v2\/media?parent=19726"}],"wp:term":[{"taxonomy":"category","embeddable":true,"href":"https:\/\/aja.pt\/en\/wp-json\/wp\/v2\/categories?post=19726"},{"taxonomy":"post_tag","embeddable":true,"href":"https:\/\/aja.pt\/en\/wp-json\/wp\/v2\/tags?post=19726"}],"curies":[{"name":"wp","href":"https:\/\/api.w.org\/{rel}","templated":true}]}}