{"id":19723,"date":"2015-11-26T13:22:43","date_gmt":"2015-11-26T13:22:43","guid":{"rendered":"https:\/\/aja.pt\/?p=19723"},"modified":"2021-12-17T11:36:19","modified_gmt":"2021-12-17T11:36:19","slug":"apresentacao-dos-livros-de-mario-correia","status":"publish","type":"post","link":"https:\/\/aja.pt\/en\/apresentacao-dos-livros-de-mario-correia\/","title":{"rendered":"Apresenta\u00e7\u00e3o dos livros de M\u00e1rio Correia"},"content":{"rendered":"<p><img loading=\"lazy\" class=\"alignnone size-full wp-image-19722\" src=\"https:\/\/aja.pt\/wp-content\/uploads\/media-archive\/2015\/11\/cartaz_M.Correia_27.11.jpg\" alt=\"cartaz_M.Correia_27.11\" width=\"477\" height=\"578\" \/><\/p>\n<div style=\"text-align: justify;\">O n\u00facleo de Lisboa organizou uma sess\u00e3o para apresentar os dois livros mais recentes de M\u00e1rio Correia sobre Jos\u00e9 Afonso: &#8220;As mulheres cantadas por Jos\u00e9 Afonso&#8221; (2013) e &#8220;Jos\u00e9 Afonso: Andarilho nas Ast\u00farias&#8221; (2015). \u00a0M\u00e1rio Correia fundou o Centro de M\u00fasica Tradicional \u201cSons da Terra\u201d, em Sendim, e a editora e produtora musical com o mesmo nome. \u00c9, tamb\u00e9m, o mentor e organizador do \u201cFestival Interc\u00e9ltico de Sendim\u201d, que se realiza desde 2000.<\/div>\n<div style=\"text-align: justify;\">Na impossibilidade da presen\u00e7a do autor, mant\u00e9m-se a sess\u00e3o em modo de tert\u00falia, animada por Paulo Esperan\u00e7a, vice-presidente da Associa\u00e7\u00e3o Jos\u00e9 Afonso.<\/div>\n","protected":false},"excerpt":{"rendered":"<p>O n\u00facleo de Lisboa organizou uma sess\u00e3o para apresentar os dois livros mais recentes de M\u00e1rio Correia sobre Jos\u00e9 Afonso: &#8220;As mulheres cantadas por Jos\u00e9 Afonso&#8221; (2013) e &#8220;Jos\u00e9 Afonso: Andarilho nas Ast\u00farias&#8221; (2015). \u00a0M\u00e1rio Correia fundou o Centro de M\u00fasica Tradicional \u201cSons da Terra\u201d, em Sendim, e a editora e produtora musical com o [&hellip;]<\/p>\n","protected":false},"author":5,"featured_media":19722,"comment_status":"open","ping_status":"open","sticky":false,"template":"","format":"standard","meta":[],"categories":[290,125,58],"tags":[],"_links":{"self":[{"href":"https:\/\/aja.pt\/en\/wp-json\/wp\/v2\/posts\/19723"}],"collection":[{"href":"https:\/\/aja.pt\/en\/wp-json\/wp\/v2\/posts"}],"about":[{"href":"https:\/\/aja.pt\/en\/wp-json\/wp\/v2\/types\/post"}],"author":[{"embeddable":true,"href":"https:\/\/aja.pt\/en\/wp-json\/wp\/v2\/users\/5"}],"replies":[{"embeddable":true,"href":"https:\/\/aja.pt\/en\/wp-json\/wp\/v2\/comments?post=19723"}],"version-history":[{"count":0,"href":"https:\/\/aja.pt\/en\/wp-json\/wp\/v2\/posts\/19723\/revisions"}],"wp:featuredmedia":[{"embeddable":true,"href":"https:\/\/aja.pt\/en\/wp-json\/wp\/v2\/media\/19722"}],"wp:attachment":[{"href":"https:\/\/aja.pt\/en\/wp-json\/wp\/v2\/media?parent=19723"}],"wp:term":[{"taxonomy":"category","embeddable":true,"href":"https:\/\/aja.pt\/en\/wp-json\/wp\/v2\/categories?post=19723"},{"taxonomy":"post_tag","embeddable":true,"href":"https:\/\/aja.pt\/en\/wp-json\/wp\/v2\/tags?post=19723"}],"curies":[{"name":"wp","href":"https:\/\/api.w.org\/{rel}","templated":true}]}}