{"id":19668,"date":"2015-10-15T23:31:11","date_gmt":"2015-10-15T22:31:11","guid":{"rendered":"https:\/\/aja.pt\/?p=19668"},"modified":"2021-12-17T11:36:19","modified_gmt":"2021-12-17T11:36:19","slug":"cantar-adriano-jam-session","status":"publish","type":"post","link":"https:\/\/aja.pt\/en\/cantar-adriano-jam-session\/","title":{"rendered":"Cantar Adriano &#8211; Jam Session"},"content":{"rendered":"<p><img loading=\"lazy\" class=\"alignnone size-full wp-image-19667\" src=\"https:\/\/aja.pt\/wp-content\/uploads\/media-archive\/2015\/10\/cartaz_evento_adriano.jpg\" alt=\"cartaz_evento_adriano\" width=\"477\" height=\"675\" \/><\/p>\n<p style=\"text-align: justify;\">No 33.\u00ba anivers\u00e1rio da partida de Adriano Correia de Oliveira para outras paragens, cant\u00e1-lo \u00e9 a melhor forma de o lembrar. Traz a tua VOZ ou outro instrumento musical!<br \/>\nEntrada livre&#8230; como o vento<br \/>\nVem e traz outro Amigo tamb\u00e9m!<\/p>\n<p>https:\/\/www.facebook.com\/events\/1664513900497257\/<\/p>\n","protected":false},"excerpt":{"rendered":"<p>No 33.\u00ba anivers\u00e1rio da partida de Adriano Correia de Oliveira para outras paragens, cant\u00e1-lo \u00e9 a melhor forma de o lembrar. Traz a tua VOZ ou outro instrumento musical! Entrada livre&#8230; como o vento Vem e traz outro Amigo tamb\u00e9m! https:\/\/www.facebook.com\/events\/1664513900497257\/<\/p>\n","protected":false},"author":5,"featured_media":19667,"comment_status":"open","ping_status":"open","sticky":false,"template":"","format":"standard","meta":[],"categories":[123,290,58],"tags":[],"_links":{"self":[{"href":"https:\/\/aja.pt\/en\/wp-json\/wp\/v2\/posts\/19668"}],"collection":[{"href":"https:\/\/aja.pt\/en\/wp-json\/wp\/v2\/posts"}],"about":[{"href":"https:\/\/aja.pt\/en\/wp-json\/wp\/v2\/types\/post"}],"author":[{"embeddable":true,"href":"https:\/\/aja.pt\/en\/wp-json\/wp\/v2\/users\/5"}],"replies":[{"embeddable":true,"href":"https:\/\/aja.pt\/en\/wp-json\/wp\/v2\/comments?post=19668"}],"version-history":[{"count":0,"href":"https:\/\/aja.pt\/en\/wp-json\/wp\/v2\/posts\/19668\/revisions"}],"wp:featuredmedia":[{"embeddable":true,"href":"https:\/\/aja.pt\/en\/wp-json\/wp\/v2\/media\/19667"}],"wp:attachment":[{"href":"https:\/\/aja.pt\/en\/wp-json\/wp\/v2\/media?parent=19668"}],"wp:term":[{"taxonomy":"category","embeddable":true,"href":"https:\/\/aja.pt\/en\/wp-json\/wp\/v2\/categories?post=19668"},{"taxonomy":"post_tag","embeddable":true,"href":"https:\/\/aja.pt\/en\/wp-json\/wp\/v2\/tags?post=19668"}],"curies":[{"name":"wp","href":"https:\/\/api.w.org\/{rel}","templated":true}]}}