{"id":19662,"date":"2015-10-10T16:36:45","date_gmt":"2015-10-10T15:36:45","guid":{"rendered":"https:\/\/aja.pt\/?p=19662"},"modified":"2021-12-17T11:36:19","modified_gmt":"2021-12-17T11:36:19","slug":"a-l%e2%80%8biberdade-de-e%e2%80%8bxpressao-a%e2%80%8bntes-e-d%e2%80%8bepois-de-abril","status":"publish","type":"post","link":"https:\/\/aja.pt\/en\/a-l%e2%80%8biberdade-de-e%e2%80%8bxpressao-a%e2%80%8bntes-e-d%e2%80%8bepois-de-abril\/","title":{"rendered":"A L\u200biberdade de E\u200bxpress\u00e3o&#8230;"},"content":{"rendered":"<p style=\"text-align: justify;\"><img loading=\"lazy\" class=\"alignnone size-full wp-image-19661\" src=\"https:\/\/aja.pt\/wp-content\/uploads\/media-archive\/2015\/10\/cartaz-final.jpg\" alt=\"Print\" width=\"477\" height=\"373\" \/><\/p>\n<p style=\"text-align: justify;\">AJA Lisboa |15 Outubro | 17h00<\/p>\n<p style=\"text-align: justify;\">Inaugura\u00e7\u00e3o da exposi\u00e7\u00e3o &#8220;A L\u200biberdade de E\u200bxpress\u00e3o &#8211; A\u200bntes e D\u200bepois de Abril&#8221;<br \/>\nCom a presen\u00e7a d@s jovens artistas do Projecto\u00a0 &#8220;\u200bSementes a Crescer&#8221;.<\/p>\n<p style=\"text-align: justify;\">Do programa consta, tamb\u00e9m:<br \/>\n&#8211; testemunho de Carlos Melo, ex-preso pol\u00edtico, a\u200bc\u200btor, dramaturgo e encenador<br \/>\n&#8211; interven\u00e7\u00e3o musical a cargo do\u200b &#8220;\u200b<i>rappe<\/i>r\u200b&#8221;\u200b Miguel Caixeiro e de Manuel Teixeira<\/p>\n<div class=\"yj6qo ajU\">\n<div id=\":ma\" class=\"ajR\" tabindex=\"0\" data-tooltip=\"Mostrar conte\u00fado cortado\"><img class=\"ajT\" src=\"https:\/\/ssl.gstatic.com\/ui\/v1\/icons\/mail\/images\/cleardot.gif\" alt=\"\" \/><\/div>\n<\/div>\n","protected":false},"excerpt":{"rendered":"<p>AJA Lisboa |15 Outubro | 17h00 Inaugura\u00e7\u00e3o da exposi\u00e7\u00e3o &#8220;A L\u200biberdade de E\u200bxpress\u00e3o &#8211; A\u200bntes e D\u200bepois de Abril&#8221; Com a presen\u00e7a d@s jovens artistas do Projecto\u00a0 &#8220;\u200bSementes a Crescer&#8221;. Do programa consta, tamb\u00e9m: &#8211; testemunho de Carlos Melo, ex-preso pol\u00edtico, a\u200bc\u200btor, dramaturgo e encenador &#8211; interven\u00e7\u00e3o musical a cargo do\u200b &#8220;\u200brapper\u200b&#8221;\u200b Miguel Caixeiro e [&hellip;]<\/p>\n","protected":false},"author":5,"featured_media":19661,"comment_status":"open","ping_status":"open","sticky":false,"template":"","format":"standard","meta":[],"categories":[290,58],"tags":[],"_links":{"self":[{"href":"https:\/\/aja.pt\/en\/wp-json\/wp\/v2\/posts\/19662"}],"collection":[{"href":"https:\/\/aja.pt\/en\/wp-json\/wp\/v2\/posts"}],"about":[{"href":"https:\/\/aja.pt\/en\/wp-json\/wp\/v2\/types\/post"}],"author":[{"embeddable":true,"href":"https:\/\/aja.pt\/en\/wp-json\/wp\/v2\/users\/5"}],"replies":[{"embeddable":true,"href":"https:\/\/aja.pt\/en\/wp-json\/wp\/v2\/comments?post=19662"}],"version-history":[{"count":0,"href":"https:\/\/aja.pt\/en\/wp-json\/wp\/v2\/posts\/19662\/revisions"}],"wp:featuredmedia":[{"embeddable":true,"href":"https:\/\/aja.pt\/en\/wp-json\/wp\/v2\/media\/19661"}],"wp:attachment":[{"href":"https:\/\/aja.pt\/en\/wp-json\/wp\/v2\/media?parent=19662"}],"wp:term":[{"taxonomy":"category","embeddable":true,"href":"https:\/\/aja.pt\/en\/wp-json\/wp\/v2\/categories?post=19662"},{"taxonomy":"post_tag","embeddable":true,"href":"https:\/\/aja.pt\/en\/wp-json\/wp\/v2\/tags?post=19662"}],"curies":[{"name":"wp","href":"https:\/\/api.w.org\/{rel}","templated":true}]}}