{"id":19199,"date":"2015-02-02T18:05:55","date_gmt":"2015-02-02T18:05:55","guid":{"rendered":"https:\/\/aja.pt\/?p=19199"},"modified":"2021-12-17T11:36:39","modified_gmt":"2021-12-17T11:36:39","slug":"na-festa-da-musica","status":"publish","type":"post","link":"https:\/\/aja.pt\/en\/na-festa-da-musica\/","title":{"rendered":"Na Festa da M\u00fasica"},"content":{"rendered":"<p>O N\u00facleo do Norte da AJA, esteve novamente na FESTA DA M\u00daSICA, levada a cabo pelo Centro Comercial Cedofeita, que ocorreu durante dois dias.<br \/>\nTivemos um espa\u00e7o cedido gentilmente pela administra\u00e7\u00e3o, que nos deu oportunidade de montarmos uma banca, com v\u00e1rios artigos referentes a Jos\u00e9 Afonso e n\u00e3o s\u00f3.<br \/>\nTamb\u00e9m o nosso colectivo &#8220;O QUE FAZ FALTA&#8221;  participou com can\u00e7\u00f5es e poesia.<br \/>\nFoi  agrad\u00e1vel. Que se repita, s\u00e3o os nossos votos.<\/p>\n","protected":false},"excerpt":{"rendered":"<p>O N\u00facleo do Norte da AJA, esteve novamente na FESTA DA M\u00daSICA, levada a cabo pelo Centro Comercial Cedofeita, que ocorreu durante dois dias. Tivemos um espa\u00e7o cedido gentilmente pela administra\u00e7\u00e3o, que nos deu oportunidade de montarmos uma banca, com v\u00e1rios artigos referentes a Jos\u00e9 Afonso e n\u00e3o s\u00f3. Tamb\u00e9m o nosso colectivo &#8220;O QUE [&hellip;]<\/p>\n","protected":false},"author":5,"featured_media":19201,"comment_status":"open","ping_status":"open","sticky":false,"template":"","format":"standard","meta":[],"categories":[89,58],"tags":[],"_links":{"self":[{"href":"https:\/\/aja.pt\/en\/wp-json\/wp\/v2\/posts\/19199"}],"collection":[{"href":"https:\/\/aja.pt\/en\/wp-json\/wp\/v2\/posts"}],"about":[{"href":"https:\/\/aja.pt\/en\/wp-json\/wp\/v2\/types\/post"}],"author":[{"embeddable":true,"href":"https:\/\/aja.pt\/en\/wp-json\/wp\/v2\/users\/5"}],"replies":[{"embeddable":true,"href":"https:\/\/aja.pt\/en\/wp-json\/wp\/v2\/comments?post=19199"}],"version-history":[{"count":0,"href":"https:\/\/aja.pt\/en\/wp-json\/wp\/v2\/posts\/19199\/revisions"}],"wp:featuredmedia":[{"embeddable":true,"href":"https:\/\/aja.pt\/en\/wp-json\/wp\/v2\/media\/19201"}],"wp:attachment":[{"href":"https:\/\/aja.pt\/en\/wp-json\/wp\/v2\/media?parent=19199"}],"wp:term":[{"taxonomy":"category","embeddable":true,"href":"https:\/\/aja.pt\/en\/wp-json\/wp\/v2\/categories?post=19199"},{"taxonomy":"post_tag","embeddable":true,"href":"https:\/\/aja.pt\/en\/wp-json\/wp\/v2\/tags?post=19199"}],"curies":[{"name":"wp","href":"https:\/\/api.w.org\/{rel}","templated":true}]}}