{"id":19184,"date":"2015-02-01T23:38:24","date_gmt":"2015-02-01T23:38:24","guid":{"rendered":"https:\/\/aja.pt\/?p=19184"},"modified":"2021-12-17T11:36:39","modified_gmt":"2021-12-17T11:36:39","slug":"caldos","status":"publish","type":"post","link":"https:\/\/aja.pt\/en\/caldos\/","title":{"rendered":"Caldos"},"content":{"rendered":"<p>H\u00e1 10 anos nascia o primeiro n\u00facleo da AJA \u2013 Associa\u00e7\u00e3o Jos\u00e9 Afonso, a AJA NORTE, ano em que o n\u00famero de n\u00facleos chega j\u00e1 aos 10.<br \/>\nS\u00e3o\u00a0v\u00e1rias as iniciativas que nos propomos levar a cabo, no decorrer de 2015 para celebrar a data.<br \/>\n\u201c\u00c9 DO NORTE, CARAGO\u201d foi o lema deste Caldos de Cultura.\u00a0Tripas \u00e0 Moda do Porto, n\u00e3o podiam faltar, com \u00e2nimo e alegria surgiram os poemas, cantou-se e leram-se textos em que o NORTE \u00e9 tido em conta, na sua Cultura, Arte e Pensamento.<br \/>\nPara o Norte todos contam. N\u00e3o percam pois o Norte, que n\u00f3s tamb\u00e9m n\u00e3o.<\/p>\n","protected":false},"excerpt":{"rendered":"<p>H\u00e1 10 anos nascia o primeiro n\u00facleo da AJA \u2013 Associa\u00e7\u00e3o Jos\u00e9 Afonso, a AJA NORTE, ano em que o n\u00famero de n\u00facleos chega j\u00e1 aos 10. S\u00e3o\u00a0v\u00e1rias as iniciativas que nos propomos levar a cabo, no decorrer de 2015 para celebrar a data. \u201c\u00c9 DO NORTE, CARAGO\u201d foi o lema deste Caldos de Cultura.\u00a0Tripas [&hellip;]<\/p>\n","protected":false},"author":5,"featured_media":19185,"comment_status":"open","ping_status":"open","sticky":false,"template":"","format":"standard","meta":[],"categories":[89,58],"tags":[],"_links":{"self":[{"href":"https:\/\/aja.pt\/en\/wp-json\/wp\/v2\/posts\/19184"}],"collection":[{"href":"https:\/\/aja.pt\/en\/wp-json\/wp\/v2\/posts"}],"about":[{"href":"https:\/\/aja.pt\/en\/wp-json\/wp\/v2\/types\/post"}],"author":[{"embeddable":true,"href":"https:\/\/aja.pt\/en\/wp-json\/wp\/v2\/users\/5"}],"replies":[{"embeddable":true,"href":"https:\/\/aja.pt\/en\/wp-json\/wp\/v2\/comments?post=19184"}],"version-history":[{"count":0,"href":"https:\/\/aja.pt\/en\/wp-json\/wp\/v2\/posts\/19184\/revisions"}],"wp:featuredmedia":[{"embeddable":true,"href":"https:\/\/aja.pt\/en\/wp-json\/wp\/v2\/media\/19185"}],"wp:attachment":[{"href":"https:\/\/aja.pt\/en\/wp-json\/wp\/v2\/media?parent=19184"}],"wp:term":[{"taxonomy":"category","embeddable":true,"href":"https:\/\/aja.pt\/en\/wp-json\/wp\/v2\/categories?post=19184"},{"taxonomy":"post_tag","embeddable":true,"href":"https:\/\/aja.pt\/en\/wp-json\/wp\/v2\/tags?post=19184"}],"curies":[{"name":"wp","href":"https:\/\/api.w.org\/{rel}","templated":true}]}}