{"id":19072,"date":"2014-11-26T00:57:15","date_gmt":"2014-11-26T00:57:15","guid":{"rendered":"https:\/\/aja.pt\/?p=19072"},"modified":"2021-12-17T11:36:39","modified_gmt":"2021-12-17T11:36:39","slug":"nucleo-da-aja-no-algarve","status":"publish","type":"post","link":"https:\/\/aja.pt\/en\/nucleo-da-aja-no-algarve\/","title":{"rendered":"N\u00facleo da AJA no Algarve"},"content":{"rendered":"<p style=\"text-align: justify;\">Em cada dia que passa a realidade de um N\u00facleo da AJA no Algarve vai-se tornando verdadeira. As pessoas est\u00e3o aderir e a confirmar a sua presen\u00e7a na reuni\u00e3o do dia 6 de Dezembro em Tavira, pelas 15h30, para oficializa\u00e7\u00e3o deste N\u00facleo no princ\u00edpio de Janeiro. Tamb\u00e9m j\u00e1 existiu di\u00e1logo com a Direc\u00e7\u00e3o Nacional da AJA, que mostrou interesse em estar presente. O local de encontro j\u00e1 est\u00e1 definido: Coffee Shop &amp; Restaurante \u00c1lvaro de Campos, na Rua da Liberdade n\u00ba 47, em Tavira. A presen\u00e7a de alguns m\u00fasicos poder\u00e1 sempre ajudar a enriquecer o encontro. H\u00e1 por a\u00ed algu\u00e9m?<br \/>\nOs contactos para confirmar a presen\u00e7a poder\u00e3o ser feitos atrav\u00e9s dos n\u00ba 960 382 057\/ 969 835 683 ou atrav\u00e9s do email saninaartur@gmail.com<\/p>\n<p style=\"text-align: justify;\"><img loading=\"lazy\" class=\"alignnone size-full wp-image-17535\" src=\"https:\/\/aja.pt\/wp-content\/uploads\/media-archive\/2013\/12\/Faro.jpg\" alt=\"Faro\" width=\"477\" height=\"300\" \/><br \/>\nJos\u00e9 Afonso (canto inferior esquerdo) na \u00e9poca em que foi professor provis\u00f3rio na Escola Industrial e Comercial de Faro (de 7 de Outubro de 1958 a 18 de Julho de 1959).<\/p>\n","protected":false},"excerpt":{"rendered":"<p>Em cada dia que passa a realidade de um N\u00facleo da AJA no Algarve vai-se tornando verdadeira. As pessoas est\u00e3o aderir e a confirmar a sua presen\u00e7a na reuni\u00e3o do dia 6 de Dezembro em Tavira, pelas 15h30, para oficializa\u00e7\u00e3o deste N\u00facleo no princ\u00edpio de Janeiro. Tamb\u00e9m j\u00e1 existiu di\u00e1logo com a Direc\u00e7\u00e3o Nacional da [&hellip;]<\/p>\n","protected":false},"author":5,"featured_media":17535,"comment_status":"open","ping_status":"open","sticky":false,"template":"","format":"standard","meta":[],"categories":[58],"tags":[],"_links":{"self":[{"href":"https:\/\/aja.pt\/en\/wp-json\/wp\/v2\/posts\/19072"}],"collection":[{"href":"https:\/\/aja.pt\/en\/wp-json\/wp\/v2\/posts"}],"about":[{"href":"https:\/\/aja.pt\/en\/wp-json\/wp\/v2\/types\/post"}],"author":[{"embeddable":true,"href":"https:\/\/aja.pt\/en\/wp-json\/wp\/v2\/users\/5"}],"replies":[{"embeddable":true,"href":"https:\/\/aja.pt\/en\/wp-json\/wp\/v2\/comments?post=19072"}],"version-history":[{"count":0,"href":"https:\/\/aja.pt\/en\/wp-json\/wp\/v2\/posts\/19072\/revisions"}],"wp:featuredmedia":[{"embeddable":true,"href":"https:\/\/aja.pt\/en\/wp-json\/wp\/v2\/media\/17535"}],"wp:attachment":[{"href":"https:\/\/aja.pt\/en\/wp-json\/wp\/v2\/media?parent=19072"}],"wp:term":[{"taxonomy":"category","embeddable":true,"href":"https:\/\/aja.pt\/en\/wp-json\/wp\/v2\/categories?post=19072"},{"taxonomy":"post_tag","embeddable":true,"href":"https:\/\/aja.pt\/en\/wp-json\/wp\/v2\/tags?post=19072"}],"curies":[{"name":"wp","href":"https:\/\/api.w.org\/{rel}","templated":true}]}}