{"id":18966,"date":"2014-09-25T15:11:24","date_gmt":"2014-09-25T14:11:24","guid":{"rendered":"https:\/\/aja.pt\/?p=18966"},"modified":"2021-12-17T11:36:40","modified_gmt":"2021-12-17T11:36:40","slug":"1o-encontro-de-nucleos","status":"publish","type":"post","link":"https:\/\/aja.pt\/en\/1o-encontro-de-nucleos\/","title":{"rendered":"1\u00ba encontro de n\u00facleos"},"content":{"rendered":"<p style=\"text-align: justify;\"><img loading=\"lazy\" class=\"alignnone size-full wp-image-18967\" src=\"https:\/\/aja.pt\/wp-content\/uploads\/media-archive\/2014\/09\/nucleos.png\" alt=\"nucleos\" width=\"477\" height=\"350\" \/><\/p>\n<p style=\"text-align: justify;\">Santar\u00e9m \u00e9 o palco escolhido para o 1\u00ba Encontro de N\u00facleos da AJA &#8211; Associa\u00e7\u00e3o Jos\u00e9 Afonso, que tem lugar no pr\u00f3ximo dia 18, a partir das 10h30, na Quinta da Fonte Boa, na antiga Esta\u00e7\u00e3o Zoot\u00e9cnica Nacional, no Vale de Santar\u00e9m.<br \/>\nA Direc\u00e7\u00e3o da AJA considera que, passados 40 anos sobre a data hist\u00f3rica do 25 de Abril, e 27 anos sobre a sua constitui\u00e7\u00e3o, tendo em conta a implanta\u00e7\u00e3o pela qual tem trabalhado, nomeadamente com a entrada de novos s\u00f3cios individuais e colectivos e a ajuda na constitui\u00e7\u00e3o de v\u00e1rios N\u00facleos, \u00e9 necess\u00e1rio realizar este 1\u00ba Encontro de N\u00facleos, de modo a consolidar esfor\u00e7os com vista \u00e0 prossecu\u00e7\u00e3o dos objetivos a que se prop\u00f5em.<br \/>\nA organiza\u00e7\u00e3o desta iniciativa prev\u00ea que participem neste encontro, representantes dos n\u00facleos j\u00e1 criados: do Norte, da regi\u00e3o de Aveiro, de Gr\u00e2ndola Litoral, de Lisboa, de Santar\u00e9m, de Set\u00fabal, do Alto Alentejo e do Barreiro, e a constituir: Beira Baixa, Covilh\u00e3, Algarve e Galiza.<br \/>\nNo \u00e2mbito desta iniciativa, para al\u00e9m da apresenta\u00e7\u00e3o dos novos n\u00facleos rec\u00e9m criados, tem lugar um Conv\u00edvio Cultural, a partir das 21h30, no Audit\u00f3rio da Fonte Boa, para o qual se convidam os amigos da Associa\u00e7\u00e3o Jos\u00e9 Afonso.<\/p>\n","protected":false},"excerpt":{"rendered":"<p>Santar\u00e9m \u00e9 o palco escolhido para o 1\u00ba Encontro de N\u00facleos da AJA &#8211; Associa\u00e7\u00e3o Jos\u00e9 Afonso, que tem lugar no pr\u00f3ximo dia 18, a partir das 10h30, na Quinta da Fonte Boa, na antiga Esta\u00e7\u00e3o Zoot\u00e9cnica Nacional, no Vale de Santar\u00e9m. A Direc\u00e7\u00e3o da AJA considera que, passados 40 anos sobre a data hist\u00f3rica [&hellip;]<\/p>\n","protected":false},"author":5,"featured_media":18967,"comment_status":"open","ping_status":"open","sticky":false,"template":"","format":"standard","meta":[],"categories":[58],"tags":[],"_links":{"self":[{"href":"https:\/\/aja.pt\/en\/wp-json\/wp\/v2\/posts\/18966"}],"collection":[{"href":"https:\/\/aja.pt\/en\/wp-json\/wp\/v2\/posts"}],"about":[{"href":"https:\/\/aja.pt\/en\/wp-json\/wp\/v2\/types\/post"}],"author":[{"embeddable":true,"href":"https:\/\/aja.pt\/en\/wp-json\/wp\/v2\/users\/5"}],"replies":[{"embeddable":true,"href":"https:\/\/aja.pt\/en\/wp-json\/wp\/v2\/comments?post=18966"}],"version-history":[{"count":0,"href":"https:\/\/aja.pt\/en\/wp-json\/wp\/v2\/posts\/18966\/revisions"}],"wp:featuredmedia":[{"embeddable":true,"href":"https:\/\/aja.pt\/en\/wp-json\/wp\/v2\/media\/18967"}],"wp:attachment":[{"href":"https:\/\/aja.pt\/en\/wp-json\/wp\/v2\/media?parent=18966"}],"wp:term":[{"taxonomy":"category","embeddable":true,"href":"https:\/\/aja.pt\/en\/wp-json\/wp\/v2\/categories?post=18966"},{"taxonomy":"post_tag","embeddable":true,"href":"https:\/\/aja.pt\/en\/wp-json\/wp\/v2\/tags?post=18966"}],"curies":[{"name":"wp","href":"https:\/\/api.w.org\/{rel}","templated":true}]}}