{"id":18943,"date":"2014-09-21T23:06:56","date_gmt":"2014-09-21T22:06:56","guid":{"rendered":"https:\/\/aja.pt\/?p=18943"},"modified":"2021-12-17T11:36:40","modified_gmt":"2021-12-17T11:36:40","slug":"tributo-a-adriano-em-grandola-2","status":"publish","type":"post","link":"https:\/\/aja.pt\/en\/tributo-a-adriano-em-grandola-2\/","title":{"rendered":"Tributo a Adriano em Gr\u00e2ndola"},"content":{"rendered":"<p style=\"text-align: justify;\">Imagens do tributo a Adriano Correia de Oliveira no Cine Teatro Grandolense, promovido no dia 13 de setembro pelo n\u00facleo da AJA de Gr\u00e2ndola.<\/p>\n<p style=\"text-align: justify;\">Sala cheia para ouvir as palavras e m\u00fasica de Jos\u00e9 Fanha, Francisco Fanhais, Manuel Teixeira, Ant\u00f3nio Rosa e Daniel Completo. Ouviu-se ainda uma mensagem enviada por Paulo Sucena, amigo de Adriano, e a poesia de Gra\u00e7a Dias. O tributo contou tamb\u00e9m com a presen\u00e7a de Camilo Mort\u00e1gua, do Presidente da C\u00e2mara de Gr\u00e2ndola, Presidente da Junta de Freguesia de Gr\u00e2ndola e do Presidente da Assembleia Municipal de Gr\u00e2ndola. Uma noite inesquec\u00edvel onde uma audi\u00eancia entusiasta\u00a0celebrou a vida e obra de Adriano.<\/p>\n<p><a href=\"https:\/\/aja.pt\/wp-content\/uploads\/media-archive\/2014\/09\/grandola.jpg\"><img loading=\"lazy\" class=\"alignnone wp-image-18951 size-full\" src=\"https:\/\/aja.pt\/wp-content\/uploads\/media-archive\/2014\/09\/grandola.jpg\" alt=\"grandola\" width=\"477\" height=\"300\" \/><\/a><br \/>\nClicar na imagem para aumentar<\/p>\n","protected":false},"excerpt":{"rendered":"<p>Imagens do tributo a Adriano Correia de Oliveira no Cine Teatro Grandolense, promovido no dia 13 de setembro pelo n\u00facleo da AJA de Gr\u00e2ndola. Sala cheia para ouvir as palavras e m\u00fasica de Jos\u00e9 Fanha, Francisco Fanhais, Manuel Teixeira, Ant\u00f3nio Rosa e Daniel Completo. Ouviu-se ainda uma mensagem enviada por Paulo Sucena, amigo de Adriano, [&hellip;]<\/p>\n","protected":false},"author":5,"featured_media":18951,"comment_status":"open","ping_status":"open","sticky":false,"template":"","format":"standard","meta":[],"categories":[281,58],"tags":[],"_links":{"self":[{"href":"https:\/\/aja.pt\/en\/wp-json\/wp\/v2\/posts\/18943"}],"collection":[{"href":"https:\/\/aja.pt\/en\/wp-json\/wp\/v2\/posts"}],"about":[{"href":"https:\/\/aja.pt\/en\/wp-json\/wp\/v2\/types\/post"}],"author":[{"embeddable":true,"href":"https:\/\/aja.pt\/en\/wp-json\/wp\/v2\/users\/5"}],"replies":[{"embeddable":true,"href":"https:\/\/aja.pt\/en\/wp-json\/wp\/v2\/comments?post=18943"}],"version-history":[{"count":0,"href":"https:\/\/aja.pt\/en\/wp-json\/wp\/v2\/posts\/18943\/revisions"}],"wp:featuredmedia":[{"embeddable":true,"href":"https:\/\/aja.pt\/en\/wp-json\/wp\/v2\/media\/18951"}],"wp:attachment":[{"href":"https:\/\/aja.pt\/en\/wp-json\/wp\/v2\/media?parent=18943"}],"wp:term":[{"taxonomy":"category","embeddable":true,"href":"https:\/\/aja.pt\/en\/wp-json\/wp\/v2\/categories?post=18943"},{"taxonomy":"post_tag","embeddable":true,"href":"https:\/\/aja.pt\/en\/wp-json\/wp\/v2\/tags?post=18943"}],"curies":[{"name":"wp","href":"https:\/\/api.w.org\/{rel}","templated":true}]}}