{"id":18853,"date":"2014-08-07T10:28:34","date_gmt":"2014-08-07T09:28:34","guid":{"rendered":"https:\/\/aja.pt\/?p=18853"},"modified":"2021-12-17T11:36:40","modified_gmt":"2021-12-17T11:36:40","slug":"exposicao-de-jose-gema","status":"publish","type":"post","link":"https:\/\/aja.pt\/en\/exposicao-de-jose-gema\/","title":{"rendered":"Exposi\u00e7\u00e3o de Jos\u00e9 Gema"},"content":{"rendered":"<p style=\"text-align: justify;\">Fotos da iniciativa realizada no passado s\u00e1bado na sede da AJA Lisboa, onde se assinalaram os 85 anos do nascimento de Jos\u00e9 Afonso e se inaugurou a exposi\u00e7\u00e3o de fotografia de Jos\u00e9 Gema, que pode ser visitada at\u00e9 30 de Setembro.<\/p>\n","protected":false},"excerpt":{"rendered":"<p>Fotos da iniciativa realizada no passado s\u00e1bado na sede da AJA Lisboa, onde se assinalaram os 85 anos do nascimento de Jos\u00e9 Afonso e se inaugurou a exposi\u00e7\u00e3o de fotografia de Jos\u00e9 Gema, que pode ser visitada at\u00e9 30 de Setembro.<\/p>\n","protected":false},"author":5,"featured_media":18857,"comment_status":"open","ping_status":"open","sticky":false,"template":"","format":"standard","meta":[],"categories":[290,58],"tags":[],"_links":{"self":[{"href":"https:\/\/aja.pt\/en\/wp-json\/wp\/v2\/posts\/18853"}],"collection":[{"href":"https:\/\/aja.pt\/en\/wp-json\/wp\/v2\/posts"}],"about":[{"href":"https:\/\/aja.pt\/en\/wp-json\/wp\/v2\/types\/post"}],"author":[{"embeddable":true,"href":"https:\/\/aja.pt\/en\/wp-json\/wp\/v2\/users\/5"}],"replies":[{"embeddable":true,"href":"https:\/\/aja.pt\/en\/wp-json\/wp\/v2\/comments?post=18853"}],"version-history":[{"count":0,"href":"https:\/\/aja.pt\/en\/wp-json\/wp\/v2\/posts\/18853\/revisions"}],"wp:featuredmedia":[{"embeddable":true,"href":"https:\/\/aja.pt\/en\/wp-json\/wp\/v2\/media\/18857"}],"wp:attachment":[{"href":"https:\/\/aja.pt\/en\/wp-json\/wp\/v2\/media?parent=18853"}],"wp:term":[{"taxonomy":"category","embeddable":true,"href":"https:\/\/aja.pt\/en\/wp-json\/wp\/v2\/categories?post=18853"},{"taxonomy":"post_tag","embeddable":true,"href":"https:\/\/aja.pt\/en\/wp-json\/wp\/v2\/tags?post=18853"}],"curies":[{"name":"wp","href":"https:\/\/api.w.org\/{rel}","templated":true}]}}