{"id":18744,"date":"2014-06-23T01:28:47","date_gmt":"2014-06-23T00:28:47","guid":{"rendered":"https:\/\/aja.pt\/?p=18744"},"modified":"2021-12-17T11:36:41","modified_gmt":"2021-12-17T11:36:41","slug":"nasceu-a-aja-barreiro","status":"publish","type":"post","link":"https:\/\/aja.pt\/en\/nasceu-a-aja-barreiro\/","title":{"rendered":"Nasceu a AJA Barreiro"},"content":{"rendered":"<p style=\"text-align: justify;\"><img loading=\"lazy\" class=\"alignnone size-full wp-image-18745\" src=\"https:\/\/aja.pt\/wp-content\/uploads\/media-archive\/2014\/06\/asd.jpg\" alt=\"asd\" width=\"477\" height=\"261\" \/><br \/>\nNasceu ontem no Barreiro mais um n\u00facleo da Associa\u00e7\u00e3o Jos\u00e9 Afonso: a AJA Barreiro. O Audit\u00f3rio da Biblioteca Municipal foi pequeno para o grande n\u00famero de pessoas que acorreram ao evento.<\/p>\n","protected":false},"excerpt":{"rendered":"<p>Nasceu ontem no Barreiro mais um n\u00facleo da Associa\u00e7\u00e3o Jos\u00e9 Afonso: a AJA Barreiro. O Audit\u00f3rio da Biblioteca Municipal foi pequeno para o grande n\u00famero de pessoas que acorreram ao evento.<\/p>\n","protected":false},"author":5,"featured_media":18745,"comment_status":"open","ping_status":"open","sticky":false,"template":"","format":"standard","meta":[],"categories":[326,58],"tags":[],"_links":{"self":[{"href":"https:\/\/aja.pt\/en\/wp-json\/wp\/v2\/posts\/18744"}],"collection":[{"href":"https:\/\/aja.pt\/en\/wp-json\/wp\/v2\/posts"}],"about":[{"href":"https:\/\/aja.pt\/en\/wp-json\/wp\/v2\/types\/post"}],"author":[{"embeddable":true,"href":"https:\/\/aja.pt\/en\/wp-json\/wp\/v2\/users\/5"}],"replies":[{"embeddable":true,"href":"https:\/\/aja.pt\/en\/wp-json\/wp\/v2\/comments?post=18744"}],"version-history":[{"count":0,"href":"https:\/\/aja.pt\/en\/wp-json\/wp\/v2\/posts\/18744\/revisions"}],"wp:featuredmedia":[{"embeddable":true,"href":"https:\/\/aja.pt\/en\/wp-json\/wp\/v2\/media\/18745"}],"wp:attachment":[{"href":"https:\/\/aja.pt\/en\/wp-json\/wp\/v2\/media?parent=18744"}],"wp:term":[{"taxonomy":"category","embeddable":true,"href":"https:\/\/aja.pt\/en\/wp-json\/wp\/v2\/categories?post=18744"},{"taxonomy":"post_tag","embeddable":true,"href":"https:\/\/aja.pt\/en\/wp-json\/wp\/v2\/tags?post=18744"}],"curies":[{"name":"wp","href":"https:\/\/api.w.org\/{rel}","templated":true}]}}