{"id":18346,"date":"2014-05-11T16:51:07","date_gmt":"2014-05-11T15:51:07","guid":{"rendered":"https:\/\/aja.pt\/?p=18346"},"modified":"2021-12-17T11:36:42","modified_gmt":"2021-12-17T11:36:42","slug":"50-anos-de-grandola-vila-morena","status":"publish","type":"post","link":"https:\/\/aja.pt\/en\/50-anos-de-grandola-vila-morena\/","title":{"rendered":"50 anos de Gr\u00e2ndola Vila Morena"},"content":{"rendered":"<p>Clique na imagem para aumentar<\/p>\n<p><a href=\"https:\/\/aja.pt\/wp-content\/uploads\/media-archive\/2014\/05\/Comemora\u00e7\u00f5es-50-anos-do-poema-Gr\u00e2ndola-Vila-Morena.jpg\"><img loading=\"lazy\" class=\"alignnone size-full wp-image-18347\" src=\"https:\/\/aja.pt\/wp-content\/uploads\/media-archive\/2014\/05\/Comemora\u00e7\u00f5es-50-anos-do-poema-Gr\u00e2ndola-Vila-Morena.jpg\" alt=\"Comemora\u00e7\u00f5es - 50 anos do poema Gr\u00e2ndola Vila Morena\" width=\"477\" height=\"750\" \/><\/a><\/p>\n","protected":false},"excerpt":{"rendered":"<p>Clique na imagem para aumentar<\/p>\n","protected":false},"author":5,"featured_media":18347,"comment_status":"open","ping_status":"open","sticky":false,"template":"","format":"standard","meta":[],"categories":[102],"tags":[],"_links":{"self":[{"href":"https:\/\/aja.pt\/en\/wp-json\/wp\/v2\/posts\/18346"}],"collection":[{"href":"https:\/\/aja.pt\/en\/wp-json\/wp\/v2\/posts"}],"about":[{"href":"https:\/\/aja.pt\/en\/wp-json\/wp\/v2\/types\/post"}],"author":[{"embeddable":true,"href":"https:\/\/aja.pt\/en\/wp-json\/wp\/v2\/users\/5"}],"replies":[{"embeddable":true,"href":"https:\/\/aja.pt\/en\/wp-json\/wp\/v2\/comments?post=18346"}],"version-history":[{"count":0,"href":"https:\/\/aja.pt\/en\/wp-json\/wp\/v2\/posts\/18346\/revisions"}],"wp:featuredmedia":[{"embeddable":true,"href":"https:\/\/aja.pt\/en\/wp-json\/wp\/v2\/media\/18347"}],"wp:attachment":[{"href":"https:\/\/aja.pt\/en\/wp-json\/wp\/v2\/media?parent=18346"}],"wp:term":[{"taxonomy":"category","embeddable":true,"href":"https:\/\/aja.pt\/en\/wp-json\/wp\/v2\/categories?post=18346"},{"taxonomy":"post_tag","embeddable":true,"href":"https:\/\/aja.pt\/en\/wp-json\/wp\/v2\/tags?post=18346"}],"curies":[{"name":"wp","href":"https:\/\/api.w.org\/{rel}","templated":true}]}}