{"id":18332,"date":"2014-05-11T13:05:33","date_gmt":"2014-05-11T12:05:33","guid":{"rendered":"https:\/\/aja.pt\/?p=18332"},"modified":"2021-12-17T11:36:42","modified_gmt":"2021-12-17T11:36:42","slug":"com-a-presenca-da-aja-norte-2","status":"publish","type":"post","link":"https:\/\/aja.pt\/en\/com-a-presenca-da-aja-norte-2\/","title":{"rendered":"Com a presen\u00e7a da AJA norte"},"content":{"rendered":"<p style=\"text-align: justify;\"><a href=\"https:\/\/aja.pt\/wp-content\/uploads\/media-archive\/2014\/05\/subura.jpg\"><img loading=\"lazy\" class=\"alignnone size-full wp-image-18333\" src=\"https:\/\/aja.pt\/wp-content\/uploads\/media-archive\/2014\/05\/subura.jpg\" alt=\"subura\" width=\"477\" height=\"650\" \/><\/a><br \/>\n&#8220;&#8230; A ideia deste esp\u00e9ctaculo \u00e9 simples; mostrar que musica e poesia de interven\u00e7\u00e3o, infelizmente, est\u00e3o perfeitamente actuais! Que nos fazem falta para consciencializar as pessoas da necessidade de luta pela justi\u00e7a e pela dignidade! Que as palavras gritadas por poetas em cantores anos atr\u00e1s, continuam actuais! Que n\u00e3o estamos sozinhos, que ao nosso lado caminham homens diferentes, de pa\u00edses diferentes, com hist\u00f3rias diferentes, que tamb\u00e9m s\u00e3o a nossa!<br \/>\nH\u00e1 apenas uma condi\u00e7\u00e3o, que se use o mesmo idioma, as mesmas palavras, a mesma fala!<br \/>\nA Galiza cujo idioma \u00e9 irm\u00e3o do portugu\u00eas, o Brasil, Angola, Cabo-Verde, Mo\u00e7ambique que herdaram e enriqueceram o nosso idioma (e muitos mais haveria) estar\u00e3o presentes neste espect\u00e1culo para mostrar que a luta pela dignidade humana \u00e9, n\u00e3o s\u00f3 poss\u00edvel como, necess\u00e1ria!<br \/>\nVamos celebrar os 40 anos do 25 de Abril de 1974 partilhando as palavras de revolta dos nossos: \u201cIrm\u00e3os de Fala\u201d&#8221;<\/p>\n<blockquote><p>S\u00e1bado, 17 de Maio, \u00e0s 22:00<br \/>\nTaberna Subura<br \/>\nRua Dom Frei Caetano Brand\u00e3o, 101, Braga<\/p><\/blockquote>\n","protected":false},"excerpt":{"rendered":"<p>&#8220;&#8230; A ideia deste esp\u00e9ctaculo \u00e9 simples; mostrar que musica e poesia de interven\u00e7\u00e3o, infelizmente, est\u00e3o perfeitamente actuais! Que nos fazem falta para consciencializar as pessoas da necessidade de luta pela justi\u00e7a e pela dignidade! Que as palavras gritadas por poetas em cantores anos atr\u00e1s, continuam actuais! Que n\u00e3o estamos sozinhos, que ao nosso lado [&hellip;]<\/p>\n","protected":false},"author":5,"featured_media":18333,"comment_status":"open","ping_status":"open","sticky":false,"template":"","format":"standard","meta":[],"categories":[89],"tags":[],"_links":{"self":[{"href":"https:\/\/aja.pt\/en\/wp-json\/wp\/v2\/posts\/18332"}],"collection":[{"href":"https:\/\/aja.pt\/en\/wp-json\/wp\/v2\/posts"}],"about":[{"href":"https:\/\/aja.pt\/en\/wp-json\/wp\/v2\/types\/post"}],"author":[{"embeddable":true,"href":"https:\/\/aja.pt\/en\/wp-json\/wp\/v2\/users\/5"}],"replies":[{"embeddable":true,"href":"https:\/\/aja.pt\/en\/wp-json\/wp\/v2\/comments?post=18332"}],"version-history":[{"count":0,"href":"https:\/\/aja.pt\/en\/wp-json\/wp\/v2\/posts\/18332\/revisions"}],"wp:featuredmedia":[{"embeddable":true,"href":"https:\/\/aja.pt\/en\/wp-json\/wp\/v2\/media\/18333"}],"wp:attachment":[{"href":"https:\/\/aja.pt\/en\/wp-json\/wp\/v2\/media?parent=18332"}],"wp:term":[{"taxonomy":"category","embeddable":true,"href":"https:\/\/aja.pt\/en\/wp-json\/wp\/v2\/categories?post=18332"},{"taxonomy":"post_tag","embeddable":true,"href":"https:\/\/aja.pt\/en\/wp-json\/wp\/v2\/tags?post=18332"}],"curies":[{"name":"wp","href":"https:\/\/api.w.org\/{rel}","templated":true}]}}