{"id":18019,"date":"2014-04-11T19:22:45","date_gmt":"2014-04-11T18:22:45","guid":{"rendered":"https:\/\/aja.pt\/?p=18019"},"modified":"2021-12-17T11:36:43","modified_gmt":"2021-12-17T11:36:43","slug":"jose-afonso-no-barracao-de-cultura","status":"publish","type":"post","link":"https:\/\/aja.pt\/en\/jose-afonso-no-barracao-de-cultura\/","title":{"rendered":"Jos\u00e9 Afonso no Barrac\u00e3o de Cultura"},"content":{"rendered":"<p><a href=\"https:\/\/aja.pt\/wp-content\/uploads\/media-archive\/2014\/04\/Uma-Vontade-de-M\u00fasica-Press-Release-2013-12-07.jpg\"><img loading=\"lazy\" src=\"https:\/\/aja.pt\/wp-content\/uploads\/media-archive\/2014\/04\/Uma-Vontade-de-M\u00fasica-Press-Release-2013-12-07.jpg\" alt=\"Uma Vontade de M\u00fasica - Press Release 2013-12-07\" width=\"477\" height=\"650\" class=\"alignnone size-full wp-image-18020\" \/><\/a><\/p>\n<p>DOMINGO 27 DE ABRIL 2014, A ENCERRAR A 1.\u00aa SESS\u00c3O da Oficina PALAVRA, P\u00c3O E VINHO, DINAMIZADA PELO PADRE M\u00c1RIO DE OLIVEIRA<\/p>\n<p>PROGRAMA da Sess\u00e3o<\/p>\n<p>10h30 &#8211; acolhimento \u00e0s pessoas participantes<\/p>\n<p>11h &#8211; in\u00edcio da Oficina, feita de CONVERSA, tecida de testemunhos pessoais e de hist\u00f3rias de vida, a prop\u00f3sito de ABRIL, a palavra escolhida para esta 1.\u00aa Sess\u00e3o.<\/p>\n<p>12h30 &#8211; intervalo e prepara\u00e7\u00e3o do Almo\u00e7o compartilhado<\/p>\n<p>13h &#8211; Almo\u00e7o compartilhado, seguido de um per\u00edodo informal de conv\u00edvio no Bar do BC e de uma descontra\u00edda caminhada no exterior, se o tempo permitir<\/p>\n<p>14h30 &#8211; Recome\u00e7o da CONVERSA<\/p>\n<p>16h30 Concerto-col\u00f3quio pelo Grupo UMA VONTADE DE M\u00daSICA, especializado em JOS\u00c9 AFONSO, com as letras das can\u00e7\u00f5es projectadas numa tela, para todas, todos podermos cantar tamb\u00e9m e interiorizar a mensagem de cada poema (VER ANEXO).<\/p>\n<p>17h45 &#8211; Despedida<\/p>\n<p>NOTAS IMPORTANTES:<\/p>\n<p>1. Nesta 1.\u00aa sess\u00e3o da Oficina, o Almo\u00e7o resultar\u00e1 da partilha dos diversos farn\u00e9is que cada participante prepara em casa e traz consigo para a Mesa comum.<\/p>\n<p>2. INSCRI\u00c7\u00d5ES (gratuitas) para: assoc.formigas@live.com.pt ou padremario@sapo.pt ou 933 936 502.<\/p>\n<p>3. Quem n\u00e3o puder estar o tempo todo, vivido em clima de COMENSALIDADE, estar\u00e1 o tempo que puder.<\/p>\n<p>Rua das Veigas, 232 (41\u00ba20\u201956,72\u201dN 8\u00ba08\u201950,18\u201dO)<br \/>\n4615-401 Macieira da Lixa Macieira Da Lixa, Porto<\/p>\n","protected":false},"excerpt":{"rendered":"<p>DOMINGO 27 DE ABRIL 2014, A ENCERRAR A 1.\u00aa SESS\u00c3O da Oficina PALAVRA, P\u00c3O E VINHO, DINAMIZADA PELO PADRE M\u00c1RIO DE OLIVEIRA PROGRAMA da Sess\u00e3o 10h30 &#8211; acolhimento \u00e0s pessoas participantes 11h &#8211; in\u00edcio da Oficina, feita de CONVERSA, tecida de testemunhos pessoais e de hist\u00f3rias de vida, a prop\u00f3sito de ABRIL, a palavra escolhida [&hellip;]<\/p>\n","protected":false},"author":5,"featured_media":18020,"comment_status":"open","ping_status":"open","sticky":false,"template":"","format":"standard","meta":[],"categories":[402],"tags":[],"_links":{"self":[{"href":"https:\/\/aja.pt\/en\/wp-json\/wp\/v2\/posts\/18019"}],"collection":[{"href":"https:\/\/aja.pt\/en\/wp-json\/wp\/v2\/posts"}],"about":[{"href":"https:\/\/aja.pt\/en\/wp-json\/wp\/v2\/types\/post"}],"author":[{"embeddable":true,"href":"https:\/\/aja.pt\/en\/wp-json\/wp\/v2\/users\/5"}],"replies":[{"embeddable":true,"href":"https:\/\/aja.pt\/en\/wp-json\/wp\/v2\/comments?post=18019"}],"version-history":[{"count":0,"href":"https:\/\/aja.pt\/en\/wp-json\/wp\/v2\/posts\/18019\/revisions"}],"wp:featuredmedia":[{"embeddable":true,"href":"https:\/\/aja.pt\/en\/wp-json\/wp\/v2\/media\/18020"}],"wp:attachment":[{"href":"https:\/\/aja.pt\/en\/wp-json\/wp\/v2\/media?parent=18019"}],"wp:term":[{"taxonomy":"category","embeddable":true,"href":"https:\/\/aja.pt\/en\/wp-json\/wp\/v2\/categories?post=18019"},{"taxonomy":"post_tag","embeddable":true,"href":"https:\/\/aja.pt\/en\/wp-json\/wp\/v2\/tags?post=18019"}],"curies":[{"name":"wp","href":"https:\/\/api.w.org\/{rel}","templated":true}]}}