{"id":17659,"date":"2014-01-26T21:53:46","date_gmt":"2014-01-26T21:53:46","guid":{"rendered":"https:\/\/aja.pt\/?p=17659"},"modified":"2021-12-17T11:37:07","modified_gmt":"2021-12-17T11:37:07","slug":"no-ultimo-caldos-de-cultura","status":"publish","type":"post","link":"https:\/\/aja.pt\/en\/no-ultimo-caldos-de-cultura\/","title":{"rendered":"No \u00faltimo Caldos de Cultura"},"content":{"rendered":"<p style=\"text-align: justify;\">Com a presen\u00e7a de Al\u00edpio de Freitas, decorreu no passado dia 24 de Janeiro mais uma sess\u00e3o dos <a href=\"https:\/\/aja.pt\/caldos-na-aja-norte\/\" target=\"_blank\" rel=\"noopener\">Caldos de Cultura, <\/a>desta vez dedicada ao document\u00e1rio &#8220;\u00c0 procura do socialismo&#8221;.<\/p>\n","protected":false},"excerpt":{"rendered":"<p>Com a presen\u00e7a de Al\u00edpio de Freitas, decorreu no passado dia 24 de Janeiro mais uma sess\u00e3o dos Caldos de Cultura, desta vez dedicada ao document\u00e1rio &#8220;\u00c0 procura do socialismo&#8221;.<\/p>\n","protected":false},"author":5,"featured_media":17663,"comment_status":"open","ping_status":"open","sticky":false,"template":"","format":"standard","meta":[],"categories":[89,144],"tags":[],"_links":{"self":[{"href":"https:\/\/aja.pt\/en\/wp-json\/wp\/v2\/posts\/17659"}],"collection":[{"href":"https:\/\/aja.pt\/en\/wp-json\/wp\/v2\/posts"}],"about":[{"href":"https:\/\/aja.pt\/en\/wp-json\/wp\/v2\/types\/post"}],"author":[{"embeddable":true,"href":"https:\/\/aja.pt\/en\/wp-json\/wp\/v2\/users\/5"}],"replies":[{"embeddable":true,"href":"https:\/\/aja.pt\/en\/wp-json\/wp\/v2\/comments?post=17659"}],"version-history":[{"count":0,"href":"https:\/\/aja.pt\/en\/wp-json\/wp\/v2\/posts\/17659\/revisions"}],"wp:featuredmedia":[{"embeddable":true,"href":"https:\/\/aja.pt\/en\/wp-json\/wp\/v2\/media\/17663"}],"wp:attachment":[{"href":"https:\/\/aja.pt\/en\/wp-json\/wp\/v2\/media?parent=17659"}],"wp:term":[{"taxonomy":"category","embeddable":true,"href":"https:\/\/aja.pt\/en\/wp-json\/wp\/v2\/categories?post=17659"},{"taxonomy":"post_tag","embeddable":true,"href":"https:\/\/aja.pt\/en\/wp-json\/wp\/v2\/tags?post=17659"}],"curies":[{"name":"wp","href":"https:\/\/api.w.org\/{rel}","templated":true}]}}