{"id":17594,"date":"2014-01-12T16:18:38","date_gmt":"2014-01-12T16:18:38","guid":{"rendered":"https:\/\/aja.pt\/?p=17594"},"modified":"2021-12-17T11:37:07","modified_gmt":"2021-12-17T11:37:07","slug":"jose-afonso-tem-nova-casa","status":"publish","type":"post","link":"https:\/\/aja.pt\/en\/jose-afonso-tem-nova-casa\/","title":{"rendered":"Jos\u00e9 Afonso tem nova casa"},"content":{"rendered":"<p style=\"text-align: justify;\">Amigos e admiradores estiveram presentes na abertura da nova sede da Associa\u00e7\u00e3o Jos\u00e9 Afonso, na Rua de S\u00e3o Bento.<\/p>\n<p style=\"text-align: justify;\">Jos\u00e9 Afonso tem &#8220;nova casa&#8221; em Lisboa. E mesmo em frente ao Parlamento. Eram mais ou menos 16.00 quando, ontem, iam chegando ao n.\u00ba 170 da Rua de S\u00e3o Bento admiradores de um dos mais consagrados artistas da m\u00fasica de interven\u00e7\u00e3o portuguesa.<br \/>\nEstavam ali para inaugurar a sede da Associa\u00e7\u00e3o Jos\u00e9 Afonso (AJA) em Lisboa &#8211; a casa-m\u00e3e, digamos assim, \u00e9 na Casa da Cultura de Set\u00fabal -, num espa\u00e7o patrocinado pelo munic\u00edpio da capital. &#8220;A associa\u00e7\u00e3o tem um n\u00facleo grande em Lisboa e, por isso, ach\u00e1mos que fazia todo o sentido existir uma sede na capital do Pa\u00eds, onde se possa repercutir a obra do Zeca&#8221;, explicou ao DN V\u00edtor Sarmento, membro da AJA.<br \/>\nFotografias, muitas fotografias do cantautor, d\u00e3o as boas-vindas &#8220;a quem vier por bem&#8221;, como diria o pr\u00f3prio Jos\u00e9 Afonso. Entre os comes e bebes que animaram as conversas que se estenderam at\u00e9 perto das 22.00, houve tempo para folhear e &#8211; no caso de alguns &#8211; comprar livros sobre o compositor, recordar as m\u00fasicas dos CD expostos ou envergar uma T-shirt com o rosto do artista.<\/p>\n<p><a href=\"https:\/\/aja.pt\/wp-content\/uploads\/media-archive\/2014\/01\/ng2976393.jpg\"><img loading=\"lazy\" class=\"alignnone size-full wp-image-17595\" alt=\"ng2976393\" src=\"https:\/\/aja.pt\/wp-content\/uploads\/media-archive\/2014\/01\/ng2976393.jpg\" width=\"477\" height=\"317\" \/><\/a><br \/>\n<a href=\"http:\/\/www.dn.pt\/inicio\/artes\/interior.aspx?content_id=3627987\">Isaltina Padr\u00e3o | Di\u00e1rio de Not\u00edcias<\/a><br \/>\nFotografia \u00a9 Natacha Cardoso\/Global Imagens<\/p>\n","protected":false},"excerpt":{"rendered":"<p>Amigos e admiradores estiveram presentes na abertura da nova sede da Associa\u00e7\u00e3o Jos\u00e9 Afonso, na Rua de S\u00e3o Bento. Jos\u00e9 Afonso tem &#8220;nova casa&#8221; em Lisboa. E mesmo em frente ao Parlamento. Eram mais ou menos 16.00 quando, ontem, iam chegando ao n.\u00ba 170 da Rua de S\u00e3o Bento admiradores de um dos mais consagrados [&hellip;]<\/p>\n","protected":false},"author":5,"featured_media":17595,"comment_status":"open","ping_status":"open","sticky":false,"template":"","format":"standard","meta":[],"categories":[290,91],"tags":[],"_links":{"self":[{"href":"https:\/\/aja.pt\/en\/wp-json\/wp\/v2\/posts\/17594"}],"collection":[{"href":"https:\/\/aja.pt\/en\/wp-json\/wp\/v2\/posts"}],"about":[{"href":"https:\/\/aja.pt\/en\/wp-json\/wp\/v2\/types\/post"}],"author":[{"embeddable":true,"href":"https:\/\/aja.pt\/en\/wp-json\/wp\/v2\/users\/5"}],"replies":[{"embeddable":true,"href":"https:\/\/aja.pt\/en\/wp-json\/wp\/v2\/comments?post=17594"}],"version-history":[{"count":0,"href":"https:\/\/aja.pt\/en\/wp-json\/wp\/v2\/posts\/17594\/revisions"}],"wp:featuredmedia":[{"embeddable":true,"href":"https:\/\/aja.pt\/en\/wp-json\/wp\/v2\/media\/17595"}],"wp:attachment":[{"href":"https:\/\/aja.pt\/en\/wp-json\/wp\/v2\/media?parent=17594"}],"wp:term":[{"taxonomy":"category","embeddable":true,"href":"https:\/\/aja.pt\/en\/wp-json\/wp\/v2\/categories?post=17594"},{"taxonomy":"post_tag","embeddable":true,"href":"https:\/\/aja.pt\/en\/wp-json\/wp\/v2\/tags?post=17594"}],"curies":[{"name":"wp","href":"https:\/\/api.w.org\/{rel}","templated":true}]}}