{"id":16566,"date":"2013-04-08T10:54:06","date_gmt":"2013-04-08T09:54:06","guid":{"rendered":"https:\/\/aja.pt\/?p=16566"},"modified":"2021-12-17T11:37:11","modified_gmt":"2021-12-17T11:37:11","slug":"a-festa-em-aveiro","status":"publish","type":"post","link":"https:\/\/aja.pt\/en\/a-festa-em-aveiro\/","title":{"rendered":"A festa em Aveiro"},"content":{"rendered":"<p style=\"text-align: justify;\">Com cantigas \u00e0 volta do Zeca &#8220;ocup\u00e1mos&#8221; o espa\u00e7o da Guesthouse Bar, a partir das 18 horas de s\u00e1bado. Com a voz e guitarra de Ana Ribeiro, Adelino Sobral, Rui Oliveira e Francisco Fanhais, Zeca Afonso e Abril estiveram presentes neste fim de tarde.<br \/>\nTodos\/as sentimos as palavras de Liberdade e de Luta, que apesar de serem de Ontem s\u00e3o tamb\u00e9m de Agora. N\u00e3o foi um momento de saudosismo mas sim de certeza, que estas palavras s\u00e3o mais que actuais e que nos incentivam a uma luta di\u00e1ria.<br \/>\nEste momento foi seguido de um jantar comemorativo onde as cantigas continuaram e seguiram para a rua.<br \/>\nAgradecemos a todos\/as os\/as companheiros\/as que fizeram quest\u00e3o de partilhar connosco estes momentos.<br \/>\nAgradecemos ao nosso companheiro Marcos Lan\u00e7a pelo apoio com que mais uma vez cont\u00e1mos.<br \/>\nE como sempre, obrigado Alexandre Gandarinho pela tua disponibilidade e paci\u00eancia de sempre.<br \/>\nUm agradecimento especial a todos\/as os\/as que n\u00e3o puderam estar presentes, mas que o seu carinho foi sentido, pelas mensagens enviadas.<\/p>\n<p>O N\u00facleo da AJA Regi\u00e3o de Aveiro<\/p>\n","protected":false},"excerpt":{"rendered":"<p>Com cantigas \u00e0 volta do Zeca &#8220;ocup\u00e1mos&#8221; o espa\u00e7o da Guesthouse Bar, a partir das 18 horas de s\u00e1bado. Com a voz e guitarra de Ana Ribeiro, Adelino Sobral, Rui Oliveira e Francisco Fanhais, Zeca Afonso e Abril estiveram presentes neste fim de tarde. Todos\/as sentimos as palavras de Liberdade e de Luta, que apesar [&hellip;]<\/p>\n","protected":false},"author":5,"featured_media":16569,"comment_status":"open","ping_status":"open","sticky":false,"template":"","format":"standard","meta":[],"categories":[279,58],"tags":[],"_links":{"self":[{"href":"https:\/\/aja.pt\/en\/wp-json\/wp\/v2\/posts\/16566"}],"collection":[{"href":"https:\/\/aja.pt\/en\/wp-json\/wp\/v2\/posts"}],"about":[{"href":"https:\/\/aja.pt\/en\/wp-json\/wp\/v2\/types\/post"}],"author":[{"embeddable":true,"href":"https:\/\/aja.pt\/en\/wp-json\/wp\/v2\/users\/5"}],"replies":[{"embeddable":true,"href":"https:\/\/aja.pt\/en\/wp-json\/wp\/v2\/comments?post=16566"}],"version-history":[{"count":0,"href":"https:\/\/aja.pt\/en\/wp-json\/wp\/v2\/posts\/16566\/revisions"}],"wp:featuredmedia":[{"embeddable":true,"href":"https:\/\/aja.pt\/en\/wp-json\/wp\/v2\/media\/16569"}],"wp:attachment":[{"href":"https:\/\/aja.pt\/en\/wp-json\/wp\/v2\/media?parent=16566"}],"wp:term":[{"taxonomy":"category","embeddable":true,"href":"https:\/\/aja.pt\/en\/wp-json\/wp\/v2\/categories?post=16566"},{"taxonomy":"post_tag","embeddable":true,"href":"https:\/\/aja.pt\/en\/wp-json\/wp\/v2\/tags?post=16566"}],"curies":[{"name":"wp","href":"https:\/\/api.w.org\/{rel}","templated":true}]}}