{"id":16389,"date":"2013-03-09T02:27:50","date_gmt":"2013-03-09T02:27:50","guid":{"rendered":"https:\/\/aja.pt\/?p=16389"},"modified":"2021-12-17T11:37:11","modified_gmt":"2021-12-17T11:37:11","slug":"iraque-em-discussao-na-aja-norte","status":"publish","type":"post","link":"https:\/\/aja.pt\/en\/iraque-em-discussao-na-aja-norte\/","title":{"rendered":"Iraque em discuss\u00e3o na AJA norte"},"content":{"rendered":"<p>Sess\u00e3o em que Manuel Raposo, membro do Tribunal Mundial sobre Iraque, a convite do N\u00facleo do Norte da Associa\u00e7\u00e3o Jos\u00e9 Afonso, apresentou um filme fora circuitos comerciais, feito clandestinamente, onde se pode ver as atrocidades levadas a cabo sobre o povo iraquiano.<\/p>\n","protected":false},"excerpt":{"rendered":"<p>Sess\u00e3o em que Manuel Raposo, membro do Tribunal Mundial sobre Iraque, a convite do N\u00facleo do Norte da Associa\u00e7\u00e3o Jos\u00e9 Afonso, apresentou um filme fora circuitos comerciais, feito clandestinamente, onde se pode ver as atrocidades levadas a cabo sobre o povo iraquiano.<\/p>\n","protected":false},"author":5,"featured_media":16392,"comment_status":"open","ping_status":"open","sticky":false,"template":"","format":"standard","meta":[],"categories":[89,58],"tags":[],"_links":{"self":[{"href":"https:\/\/aja.pt\/en\/wp-json\/wp\/v2\/posts\/16389"}],"collection":[{"href":"https:\/\/aja.pt\/en\/wp-json\/wp\/v2\/posts"}],"about":[{"href":"https:\/\/aja.pt\/en\/wp-json\/wp\/v2\/types\/post"}],"author":[{"embeddable":true,"href":"https:\/\/aja.pt\/en\/wp-json\/wp\/v2\/users\/5"}],"replies":[{"embeddable":true,"href":"https:\/\/aja.pt\/en\/wp-json\/wp\/v2\/comments?post=16389"}],"version-history":[{"count":0,"href":"https:\/\/aja.pt\/en\/wp-json\/wp\/v2\/posts\/16389\/revisions"}],"wp:featuredmedia":[{"embeddable":true,"href":"https:\/\/aja.pt\/en\/wp-json\/wp\/v2\/media\/16392"}],"wp:attachment":[{"href":"https:\/\/aja.pt\/en\/wp-json\/wp\/v2\/media?parent=16389"}],"wp:term":[{"taxonomy":"category","embeddable":true,"href":"https:\/\/aja.pt\/en\/wp-json\/wp\/v2\/categories?post=16389"},{"taxonomy":"post_tag","embeddable":true,"href":"https:\/\/aja.pt\/en\/wp-json\/wp\/v2\/tags?post=16389"}],"curies":[{"name":"wp","href":"https:\/\/api.w.org\/{rel}","templated":true}]}}