{"id":15647,"date":"2012-10-05T14:08:16","date_gmt":"2012-10-05T13:08:16","guid":{"rendered":"https:\/\/aja.pt\/?p=15647"},"modified":"2021-12-17T11:37:32","modified_gmt":"2021-12-17T11:37:32","slug":"a-nova-casa-da-aja-2","status":"publish","type":"post","link":"https:\/\/aja.pt\/en\/a-nova-casa-da-aja-2\/","title":{"rendered":"A nova casa da AJA"},"content":{"rendered":"<p style=\"text-align: justify;\">A Casa da Cultura, o novo espa\u00e7o de converg\u00eancia e partilha de v\u00e1rias formas de arte, instalado no centro de Set\u00fabal, \u00e9 inaugurada no dia 5 de Outubro com um programa de anima\u00e7\u00e3o de manh\u00e3 \u00e0 noite.<\/p>\n<p style=\"text-align: justify;\">O programa de abertura do im\u00f3vel onde funcionou o C\u00edrculo Cultural de Set\u00fabal, alvo de profundas obras de recupera\u00e7\u00e3o e requalifica\u00e7\u00e3o promovidas pela C\u00e2mara Municipal, come\u00e7a \u00e0s 10h30, ainda no exterior edif\u00edcio, localizada na Rua Detr\u00e1s da Guarda.<\/p>\n","protected":false},"excerpt":{"rendered":"<p>A Casa da Cultura, o novo espa\u00e7o de converg\u00eancia e partilha de v\u00e1rias formas de arte, instalado no centro de Set\u00fabal, \u00e9 inaugurada no dia 5 de Outubro com um programa de anima\u00e7\u00e3o de manh\u00e3 \u00e0 noite. O programa de abertura do im\u00f3vel onde funcionou o C\u00edrculo Cultural de Set\u00fabal, alvo de profundas obras de [&hellip;]<\/p>\n","protected":false},"author":5,"featured_media":15655,"comment_status":"open","ping_status":"open","sticky":false,"template":"","format":"standard","meta":[],"categories":[59,244],"tags":[],"_links":{"self":[{"href":"https:\/\/aja.pt\/en\/wp-json\/wp\/v2\/posts\/15647"}],"collection":[{"href":"https:\/\/aja.pt\/en\/wp-json\/wp\/v2\/posts"}],"about":[{"href":"https:\/\/aja.pt\/en\/wp-json\/wp\/v2\/types\/post"}],"author":[{"embeddable":true,"href":"https:\/\/aja.pt\/en\/wp-json\/wp\/v2\/users\/5"}],"replies":[{"embeddable":true,"href":"https:\/\/aja.pt\/en\/wp-json\/wp\/v2\/comments?post=15647"}],"version-history":[{"count":0,"href":"https:\/\/aja.pt\/en\/wp-json\/wp\/v2\/posts\/15647\/revisions"}],"wp:featuredmedia":[{"embeddable":true,"href":"https:\/\/aja.pt\/en\/wp-json\/wp\/v2\/media\/15655"}],"wp:attachment":[{"href":"https:\/\/aja.pt\/en\/wp-json\/wp\/v2\/media?parent=15647"}],"wp:term":[{"taxonomy":"category","embeddable":true,"href":"https:\/\/aja.pt\/en\/wp-json\/wp\/v2\/categories?post=15647"},{"taxonomy":"post_tag","embeddable":true,"href":"https:\/\/aja.pt\/en\/wp-json\/wp\/v2\/tags?post=15647"}],"curies":[{"name":"wp","href":"https:\/\/api.w.org\/{rel}","templated":true}]}}