{"id":15604,"date":"2012-10-01T23:31:40","date_gmt":"2012-10-01T22:31:40","guid":{"rendered":"https:\/\/aja.pt\/?p=15604"},"modified":"2021-12-17T11:37:32","modified_gmt":"2021-12-17T11:37:32","slug":"geografias-de-uma-vida","status":"publish","type":"post","link":"https:\/\/aja.pt\/en\/geografias-de-uma-vida\/","title":{"rendered":"Geografias de uma vida"},"content":{"rendered":"<p style=\"text-align: justify;\">\u201cGeografias de uma Vida\u201d \u00e9 uma exposi\u00e7\u00e3o sobre Jos\u00e9 Afonso que estar\u00e1 patente ao p\u00fablico a partir do dia 5 de Outubro, data da inaugura\u00e7\u00e3o da Casa da Cultura de Set\u00fabal. <a href=\"https:\/\/aja.pt\/a-nova-casa-da-aja\/\" target=\"_blank\" rel=\"noopener\">Consulte aqui o programa<\/a><\/p>\n<p><a href=\"https:\/\/aja.pt\/wp-content\/uploads\/media-archive\/2012\/10\/poster.jpg\"><img loading=\"lazy\" class=\"alignnone size-full wp-image-15606\" title=\"poster\" src=\"https:\/\/aja.pt\/wp-content\/uploads\/media-archive\/2012\/10\/poster.jpg\" alt=\"\" width=\"477\" height=\"650\" \/><\/a><\/p>\n","protected":false},"excerpt":{"rendered":"<p>\u201cGeografias de uma Vida\u201d \u00e9 uma exposi\u00e7\u00e3o sobre Jos\u00e9 Afonso que estar\u00e1 patente ao p\u00fablico a partir do dia 5 de Outubro, data da inaugura\u00e7\u00e3o da Casa da Cultura de Set\u00fabal. Consulte aqui o programa<\/p>\n","protected":false},"author":5,"featured_media":15606,"comment_status":"open","ping_status":"open","sticky":false,"template":"","format":"standard","meta":[],"categories":[76,244],"tags":[],"_links":{"self":[{"href":"https:\/\/aja.pt\/en\/wp-json\/wp\/v2\/posts\/15604"}],"collection":[{"href":"https:\/\/aja.pt\/en\/wp-json\/wp\/v2\/posts"}],"about":[{"href":"https:\/\/aja.pt\/en\/wp-json\/wp\/v2\/types\/post"}],"author":[{"embeddable":true,"href":"https:\/\/aja.pt\/en\/wp-json\/wp\/v2\/users\/5"}],"replies":[{"embeddable":true,"href":"https:\/\/aja.pt\/en\/wp-json\/wp\/v2\/comments?post=15604"}],"version-history":[{"count":0,"href":"https:\/\/aja.pt\/en\/wp-json\/wp\/v2\/posts\/15604\/revisions"}],"wp:featuredmedia":[{"embeddable":true,"href":"https:\/\/aja.pt\/en\/wp-json\/wp\/v2\/media\/15606"}],"wp:attachment":[{"href":"https:\/\/aja.pt\/en\/wp-json\/wp\/v2\/media?parent=15604"}],"wp:term":[{"taxonomy":"category","embeddable":true,"href":"https:\/\/aja.pt\/en\/wp-json\/wp\/v2\/categories?post=15604"},{"taxonomy":"post_tag","embeddable":true,"href":"https:\/\/aja.pt\/en\/wp-json\/wp\/v2\/tags?post=15604"}],"curies":[{"name":"wp","href":"https:\/\/api.w.org\/{rel}","templated":true}]}}