{"id":15288,"date":"2012-07-17T10:39:45","date_gmt":"2012-07-17T09:39:45","guid":{"rendered":"https:\/\/aja.pt\/?p=15288"},"modified":"2021-12-17T11:37:33","modified_gmt":"2021-12-17T11:37:33","slug":"fraternidade-tondela","status":"publish","type":"post","link":"https:\/\/aja.pt\/en\/fraternidade-tondela\/","title":{"rendered":"&#8220;Terra da fraternidade&#8221; em Tondela"},"content":{"rendered":"<p>40 anos da 1\u00aa interpreta\u00e7\u00e2o p\u00fablica de \u201cGr\u00e2ndola, vila morena\u201d &#8211; Edi\u00e7\u00e3o portuguesa do concerto da Galiza maio\u201912.<br \/>\nToda a <a href=\"http:\/\/www.acert.pt\/tomdefesta12\/\" target=\"_blank\" rel=\"noopener\">informa\u00e7\u00e3o aqui<\/a>.<br \/>\n&nbsp;<br \/>\n<a href=\"https:\/\/aja.pt\/wp-content\/uploads\/media-archive\/2012\/07\/imagem_TdFraternidade.jpg\"><img loading=\"lazy\" src=\"https:\/\/aja.pt\/wp-content\/uploads\/media-archive\/2012\/07\/imagem_TdFraternidade-773x1024.jpg\" alt=\"\" title=\"imagem_TdFraternidade\" width=\"477\" height=\"650\" class=\"alignnone size-large wp-image-15328\" \/><\/a><\/p>\n","protected":false},"excerpt":{"rendered":"<p>40 anos da 1\u00aa interpreta\u00e7\u00e2o p\u00fablica de \u201cGr\u00e2ndola, vila morena\u201d &#8211; Edi\u00e7\u00e3o portuguesa do concerto da Galiza maio\u201912. Toda a informa\u00e7\u00e3o aqui. &nbsp;<\/p>\n","protected":false},"author":5,"featured_media":15328,"comment_status":"open","ping_status":"open","sticky":false,"template":"","format":"standard","meta":[],"categories":[287],"tags":[],"_links":{"self":[{"href":"https:\/\/aja.pt\/en\/wp-json\/wp\/v2\/posts\/15288"}],"collection":[{"href":"https:\/\/aja.pt\/en\/wp-json\/wp\/v2\/posts"}],"about":[{"href":"https:\/\/aja.pt\/en\/wp-json\/wp\/v2\/types\/post"}],"author":[{"embeddable":true,"href":"https:\/\/aja.pt\/en\/wp-json\/wp\/v2\/users\/5"}],"replies":[{"embeddable":true,"href":"https:\/\/aja.pt\/en\/wp-json\/wp\/v2\/comments?post=15288"}],"version-history":[{"count":0,"href":"https:\/\/aja.pt\/en\/wp-json\/wp\/v2\/posts\/15288\/revisions"}],"wp:featuredmedia":[{"embeddable":true,"href":"https:\/\/aja.pt\/en\/wp-json\/wp\/v2\/media\/15328"}],"wp:attachment":[{"href":"https:\/\/aja.pt\/en\/wp-json\/wp\/v2\/media?parent=15288"}],"wp:term":[{"taxonomy":"category","embeddable":true,"href":"https:\/\/aja.pt\/en\/wp-json\/wp\/v2\/categories?post=15288"},{"taxonomy":"post_tag","embeddable":true,"href":"https:\/\/aja.pt\/en\/wp-json\/wp\/v2\/tags?post=15288"}],"curies":[{"name":"wp","href":"https:\/\/api.w.org\/{rel}","templated":true}]}}