{"id":15273,"date":"2012-07-06T01:28:11","date_gmt":"2012-07-06T00:28:11","guid":{"rendered":"https:\/\/aja.pt\/?p=15273"},"modified":"2021-12-17T11:37:33","modified_gmt":"2021-12-17T11:37:33","slug":"exposicao-a-norte","status":"publish","type":"post","link":"https:\/\/aja.pt\/en\/exposicao-a-norte\/","title":{"rendered":"Exposi\u00e7\u00e3o a norte"},"content":{"rendered":"<p><a href=\"https:\/\/aja.pt\/exposicao\/\" target=\"_blank\" rel=\"noopener\">Exposi\u00e7\u00e3o colectiva &#8220;Amigos maiores que o pensamento&#8221;<\/a><\/p>\n<p style=\"text-align: justify;\">Os trabalhos expostos tiveram como ponto de partida n\u00e3o s\u00f3 os poemas musicados &#8220;A morte saiu \u00e0 rua&#8221; e &#8220;A noite dos poetas&#8221; de Jos\u00e9 Afonso e Adriano Correia de Oliveira, respectivamente, mas tamb\u00e9m os ideais de liberdade, solidariedade e dignidade defendidos por estas duas grandes figuras da m\u00fasica portuguesa do s\u00e9culo XX. Na inaugura\u00e7\u00e3o houve Poesia e M\u00fasica pelo Grupo Amigos Maiores ( Aja Norte ). A 19 de Julho estar\u00e1 presente o Grupo de Braga &#8211; CANTO D\u00b4Aqui. Apare\u00e7am!<\/p>\n<p>DE 5 a 31 de JULHO, na GALERIA PORTO ORIENTAL, \u00e0 Rua Barros Lima, 851 &#8211; Porto.<\/p>\n","protected":false},"excerpt":{"rendered":"<p>Exposi\u00e7\u00e3o colectiva &#8220;Amigos maiores que o pensamento&#8221; Os trabalhos expostos tiveram como ponto de partida n\u00e3o s\u00f3 os poemas musicados &#8220;A morte saiu \u00e0 rua&#8221; e &#8220;A noite dos poetas&#8221; de Jos\u00e9 Afonso e Adriano Correia de Oliveira, respectivamente, mas tamb\u00e9m os ideais de liberdade, solidariedade e dignidade defendidos por estas duas grandes figuras da [&hellip;]<\/p>\n","protected":false},"author":5,"featured_media":15274,"comment_status":"open","ping_status":"open","sticky":false,"template":"","format":"standard","meta":[],"categories":[123,89,282,71,287,58],"tags":[],"_links":{"self":[{"href":"https:\/\/aja.pt\/en\/wp-json\/wp\/v2\/posts\/15273"}],"collection":[{"href":"https:\/\/aja.pt\/en\/wp-json\/wp\/v2\/posts"}],"about":[{"href":"https:\/\/aja.pt\/en\/wp-json\/wp\/v2\/types\/post"}],"author":[{"embeddable":true,"href":"https:\/\/aja.pt\/en\/wp-json\/wp\/v2\/users\/5"}],"replies":[{"embeddable":true,"href":"https:\/\/aja.pt\/en\/wp-json\/wp\/v2\/comments?post=15273"}],"version-history":[{"count":0,"href":"https:\/\/aja.pt\/en\/wp-json\/wp\/v2\/posts\/15273\/revisions"}],"wp:featuredmedia":[{"embeddable":true,"href":"https:\/\/aja.pt\/en\/wp-json\/wp\/v2\/media\/15274"}],"wp:attachment":[{"href":"https:\/\/aja.pt\/en\/wp-json\/wp\/v2\/media?parent=15273"}],"wp:term":[{"taxonomy":"category","embeddable":true,"href":"https:\/\/aja.pt\/en\/wp-json\/wp\/v2\/categories?post=15273"},{"taxonomy":"post_tag","embeddable":true,"href":"https:\/\/aja.pt\/en\/wp-json\/wp\/v2\/tags?post=15273"}],"curies":[{"name":"wp","href":"https:\/\/api.w.org\/{rel}","templated":true}]}}