{"id":14533,"date":"2012-05-05T02:37:17","date_gmt":"2012-05-05T01:37:17","guid":{"rendered":"https:\/\/aja.pt\/?p=14533"},"modified":"2021-12-17T11:37:35","modified_gmt":"2021-12-17T11:37:35","slug":"legados-de-jose-afonso-no-festin","status":"publish","type":"post","link":"https:\/\/aja.pt\/en\/legados-de-jose-afonso-no-festin\/","title":{"rendered":"&#8220;Legados de Jos\u00e9 Afonso&#8221; no Festin"},"content":{"rendered":"<p style=\"text-align: justify;\">Document\u00e1rio sobre a vida, obra e mensagem de Jos\u00e9 Afonso. O document\u00e1rio gera a cr\u00edtica\/coment\u00e1rios feitos por Jos\u00e9 Afonso sobre a sociedade portuguesa ante e p\u00f3s-25 de Abril. Jos\u00e9 Afonso, autor da m\u00fasica mais emblem\u00e1tica da Revolu\u00e7\u00e3o de Abril, abriu portas para a liberdade. Foi um homem sem fronteiras, deixou saudade e amigos por onde passou. As suas m\u00fasicas divulgam a mensagem, vertical e coerente, a verdade social. O document\u00e1rio cont\u00e9m as imagens da maioria das declara\u00e7\u00f5es e artigos acerca de Jos\u00e9 Afonso nos jornais das \u00e9pocas de 1974\/1987.<\/p>\n<p>Cinema de S. Jorge, Lisboa | 16 Maio | 18h30 (Sala 3) | <a href=\"http:\/\/festin-festival.com\/\" target=\"_blank\" rel=\"noopener\">Festin<\/a><br \/>\n&nbsp;<br \/>\n<object width=\"477\" height=\"300\" classid=\"clsid:d27cdb6e-ae6d-11cf-96b8-444553540000\" codebase=\"http:\/\/download.macromedia.com\/pub\/shockwave\/cabs\/flash\/swflash.cab#version=6,0,40,0\"><param name=\"allowFullScreen\" value=\"true\" \/><param name=\"allowscriptaccess\" value=\"always\" \/><param name=\"src\" value=\"http:\/\/www.youtube.com\/v\/F7W3IzLSniY?version=3&amp;hl=pt_PT\" \/><param name=\"allowfullscreen\" value=\"true\" \/><embed width=\"477\" height=\"300\" type=\"application\/x-shockwave-flash\" src=\"http:\/\/www.youtube.com\/v\/F7W3IzLSniY?version=3&amp;hl=pt_PT\" allowFullScreen=\"true\" allowscriptaccess=\"always\" allowfullscreen=\"true\" \/><\/object><\/p>\n","protected":false},"excerpt":{"rendered":"<p>Document\u00e1rio sobre a vida, obra e mensagem de Jos\u00e9 Afonso. O document\u00e1rio gera a cr\u00edtica\/coment\u00e1rios feitos por Jos\u00e9 Afonso sobre a sociedade portuguesa ante e p\u00f3s-25 de Abril. Jos\u00e9 Afonso, autor da m\u00fasica mais emblem\u00e1tica da Revolu\u00e7\u00e3o de Abril, abriu portas para a liberdade. Foi um homem sem fronteiras, deixou saudade e amigos por onde [&hellip;]<\/p>\n","protected":false},"author":5,"featured_media":14534,"comment_status":"open","ping_status":"open","sticky":false,"template":"","format":"standard","meta":[],"categories":[180],"tags":[],"_links":{"self":[{"href":"https:\/\/aja.pt\/en\/wp-json\/wp\/v2\/posts\/14533"}],"collection":[{"href":"https:\/\/aja.pt\/en\/wp-json\/wp\/v2\/posts"}],"about":[{"href":"https:\/\/aja.pt\/en\/wp-json\/wp\/v2\/types\/post"}],"author":[{"embeddable":true,"href":"https:\/\/aja.pt\/en\/wp-json\/wp\/v2\/users\/5"}],"replies":[{"embeddable":true,"href":"https:\/\/aja.pt\/en\/wp-json\/wp\/v2\/comments?post=14533"}],"version-history":[{"count":0,"href":"https:\/\/aja.pt\/en\/wp-json\/wp\/v2\/posts\/14533\/revisions"}],"wp:featuredmedia":[{"embeddable":true,"href":"https:\/\/aja.pt\/en\/wp-json\/wp\/v2\/media\/14534"}],"wp:attachment":[{"href":"https:\/\/aja.pt\/en\/wp-json\/wp\/v2\/media?parent=14533"}],"wp:term":[{"taxonomy":"category","embeddable":true,"href":"https:\/\/aja.pt\/en\/wp-json\/wp\/v2\/categories?post=14533"},{"taxonomy":"post_tag","embeddable":true,"href":"https:\/\/aja.pt\/en\/wp-json\/wp\/v2\/tags?post=14533"}],"curies":[{"name":"wp","href":"https:\/\/api.w.org\/{rel}","templated":true}]}}