{"id":14509,"date":"2012-05-04T20:23:59","date_gmt":"2012-05-04T19:23:59","guid":{"rendered":"https:\/\/aja.pt\/?p=14509"},"modified":"2022-01-05T19:33:22","modified_gmt":"2022-01-05T19:33:22","slug":"o-canto-de-intervencao-na-escola-secundaria-alexandre-herculano","status":"publish","type":"post","link":"https:\/\/aja.pt\/en\/o-canto-de-intervencao-na-escola-secundaria-alexandre-herculano\/","title":{"rendered":"Na Escola Secund\u00e1ria Alexandre Herculano"},"content":{"rendered":"<p>&nbsp;<\/p>\n<p style=\"text-align: justify;\">Integrado no projecto \u201cAMIGOS MAIORES QUE O PENSAMENTO\u201d realizou-se no passado dia 3, na ESAH (Porto) \u2013 tamb\u00e9m subscritora \u2013 mais uma sess\u00e3o do \u201cCanto de Interven\u00e7\u00e3o\u201d a cargo da AJA norte.<br \/>\nNuma plateia composta por professores, alunos e funcion\u00e1rios destacava-se a presen\u00e7a da comunidade surda que frequenta aquela Escola devidamente acompanhada pelos seus int\u00e9rpretes de l\u00edngua gestual.<br \/>\nNo final \u2013 e num gesto de grande ternura e carinho \u2013 alguns alunos surdos acompanharam a m\u00fasica \u201ctocando\u201d nos instrumentos de forma a sentirem a respectiva vibra\u00e7\u00e3o.<br \/>\nTarde inesquec\u00edvelmente solid\u00e1ria!<\/p>\n","protected":false},"excerpt":{"rendered":"<p>&nbsp; Integrado no projecto \u201cAMIGOS MAIORES QUE O PENSAMENTO\u201d realizou-se no passado dia 3, na ESAH (Porto) \u2013 tamb\u00e9m subscritora \u2013 mais uma sess\u00e3o do \u201cCanto de Interven\u00e7\u00e3o\u201d a cargo da AJA norte. Numa plateia composta por professores, alunos e funcion\u00e1rios destacava-se a presen\u00e7a da comunidade surda que frequenta aquela Escola devidamente acompanhada pelos seus [&hellip;]<\/p>\n","protected":false},"author":5,"featured_media":14513,"comment_status":"open","ping_status":"open","sticky":false,"template":"","format":"standard","meta":[],"categories":[89,282,75,58,286],"tags":[],"_links":{"self":[{"href":"https:\/\/aja.pt\/en\/wp-json\/wp\/v2\/posts\/14509"}],"collection":[{"href":"https:\/\/aja.pt\/en\/wp-json\/wp\/v2\/posts"}],"about":[{"href":"https:\/\/aja.pt\/en\/wp-json\/wp\/v2\/types\/post"}],"author":[{"embeddable":true,"href":"https:\/\/aja.pt\/en\/wp-json\/wp\/v2\/users\/5"}],"replies":[{"embeddable":true,"href":"https:\/\/aja.pt\/en\/wp-json\/wp\/v2\/comments?post=14509"}],"version-history":[{"count":0,"href":"https:\/\/aja.pt\/en\/wp-json\/wp\/v2\/posts\/14509\/revisions"}],"wp:featuredmedia":[{"embeddable":true,"href":"https:\/\/aja.pt\/en\/wp-json\/wp\/v2\/media\/14513"}],"wp:attachment":[{"href":"https:\/\/aja.pt\/en\/wp-json\/wp\/v2\/media?parent=14509"}],"wp:term":[{"taxonomy":"category","embeddable":true,"href":"https:\/\/aja.pt\/en\/wp-json\/wp\/v2\/categories?post=14509"},{"taxonomy":"post_tag","embeddable":true,"href":"https:\/\/aja.pt\/en\/wp-json\/wp\/v2\/tags?post=14509"}],"curies":[{"name":"wp","href":"https:\/\/api.w.org\/{rel}","templated":true}]}}