{"id":13637,"date":"2012-02-21T13:43:57","date_gmt":"2012-02-21T13:43:57","guid":{"rendered":"https:\/\/aja.pt\/?p=13637"},"modified":"2021-12-17T11:37:54","modified_gmt":"2021-12-17T11:37:54","slug":"tertulia-em-coimbra-lembra-jose-afonso","status":"publish","type":"post","link":"https:\/\/aja.pt\/en\/tertulia-em-coimbra-lembra-jose-afonso\/","title":{"rendered":"Tert\u00falia em Coimbra lembra Jos\u00e9 Afonso"},"content":{"rendered":"<p style=\"text-align: justify;\"><a href=\"https:\/\/aja.pt\/wp-content\/uploads\/media-archive\/2012\/02\/arte.jpg\"><img loading=\"lazy\" class=\"alignnone size-full wp-image-13638\" title=\"arte\" src=\"https:\/\/aja.pt\/wp-content\/uploads\/media-archive\/2012\/02\/arte.jpg\" alt=\"\" width=\"477\" height=\"423\" \/><\/a><br \/>\nQuinta Feira dia 23, pelas 18.00h, n\u00e3o deixe de comparecer na Sala Arte \u00e0 Parte (<a href=\"http:\/\/g.co\/maps\/y6eak\" target=\"_blank\" rel=\"noopener\">Rua Fernandes Tom\u00e1s, 29 &#8211; Coimbra<\/a>) para uma animada tert\u00falia po\u00e9tica, em jeito de gratid\u00e3o e homenagem a Zeca Afonso.<br \/>\nO livro de Viale Moutinho (de 1975) e alguns poemas com a presen\u00e7a de Elsa Ligeiro (Alma Azul) dar\u00e3o o mote para um breve concerto a solo, onde o violetista Jos\u00e9 Valente interpretar\u00e1 algumas can\u00e7\u00f5es do Zeca.<br \/>\nEntrada Livre.<\/p>\n","protected":false},"excerpt":{"rendered":"<p>Quinta Feira dia 23, pelas 18.00h, n\u00e3o deixe de comparecer na Sala Arte \u00e0 Parte (Rua Fernandes Tom\u00e1s, 29 &#8211; Coimbra) para uma animada tert\u00falia po\u00e9tica, em jeito de gratid\u00e3o e homenagem a Zeca Afonso. O livro de Viale Moutinho (de 1975) e alguns poemas com a presen\u00e7a de Elsa Ligeiro (Alma Azul) dar\u00e3o o [&hellip;]<\/p>\n","protected":false},"author":5,"featured_media":13638,"comment_status":"open","ping_status":"open","sticky":false,"template":"","format":"standard","meta":[],"categories":[287],"tags":[],"_links":{"self":[{"href":"https:\/\/aja.pt\/en\/wp-json\/wp\/v2\/posts\/13637"}],"collection":[{"href":"https:\/\/aja.pt\/en\/wp-json\/wp\/v2\/posts"}],"about":[{"href":"https:\/\/aja.pt\/en\/wp-json\/wp\/v2\/types\/post"}],"author":[{"embeddable":true,"href":"https:\/\/aja.pt\/en\/wp-json\/wp\/v2\/users\/5"}],"replies":[{"embeddable":true,"href":"https:\/\/aja.pt\/en\/wp-json\/wp\/v2\/comments?post=13637"}],"version-history":[{"count":0,"href":"https:\/\/aja.pt\/en\/wp-json\/wp\/v2\/posts\/13637\/revisions"}],"wp:featuredmedia":[{"embeddable":true,"href":"https:\/\/aja.pt\/en\/wp-json\/wp\/v2\/media\/13638"}],"wp:attachment":[{"href":"https:\/\/aja.pt\/en\/wp-json\/wp\/v2\/media?parent=13637"}],"wp:term":[{"taxonomy":"category","embeddable":true,"href":"https:\/\/aja.pt\/en\/wp-json\/wp\/v2\/categories?post=13637"},{"taxonomy":"post_tag","embeddable":true,"href":"https:\/\/aja.pt\/en\/wp-json\/wp\/v2\/tags?post=13637"}],"curies":[{"name":"wp","href":"https:\/\/api.w.org\/{rel}","templated":true}]}}