{"id":13623,"date":"2012-02-20T20:37:37","date_gmt":"2012-02-20T20:37:37","guid":{"rendered":"https:\/\/aja.pt\/?p=13623"},"modified":"2021-12-17T11:37:54","modified_gmt":"2021-12-17T11:37:54","slug":"jose-afonso-em-fevereiro","status":"publish","type":"post","link":"https:\/\/aja.pt\/en\/jose-afonso-em-fevereiro\/","title":{"rendered":"Jos\u00e9 Afonso em Fevereiro"},"content":{"rendered":"<p><a href=\"https:\/\/aja.pt\/wp-content\/uploads\/media-archive\/2012\/02\/fevereiro.jpg\"><img loading=\"lazy\" class=\"alignnone size-full wp-image-13630\" title=\"fevereiro\" src=\"https:\/\/aja.pt\/wp-content\/uploads\/media-archive\/2012\/02\/fevereiro.jpg\" alt=\"\" width=\"477\" height=\"314\" \/><\/a><\/p>\n<p>&nbsp;<\/p>\n<p><strong>Durante todo o m\u00eas de Fevereiro<\/strong><\/p>\n<p>&#8220;Zeca em Fevereiro&#8221; em Newark, E.U.A. <a href=\"https:\/\/aja.pt\/zeca-em-fevereiro-em-newark-e-u-a-2\/\" target=\"_blank\" rel=\"noopener\">Ver +<\/a><\/p>\n<p>&nbsp;<\/p>\n<p><strong>De 20 a 24 de Fevereiro<\/strong><\/p>\n<p>Semana dedicada a Jos\u00e9 Afonso promovida pela A. A. C. <a href=\"https:\/\/aja.pt\/zeca-aac\/\" target=\"_blank\" rel=\"noopener\">Ver +<\/a><\/p>\n<p>&nbsp;<\/p>\n<p><strong>Dia 23.2.2012<\/strong><\/p>\n<p>A TSF lembra Jos\u00e9 Afonso. <a href=\"https:\/\/aja.pt\/dia-23-a-tsf-lembra-jose-afonso\/\" target=\"_blank\" rel=\"noopener\">Ver +<\/a><\/p>\n<p>Uma aula sobre Jos\u00e9 Afonso em Gr\u00e2ndola. <a href=\"https:\/\/aja.pt\/uma-aula-sobre-jose-afonso-pelo-nucleo-da-grandola\/\" target=\"_blank\" rel=\"noopener\">Ver +<\/a><\/p>\n<p>Tributo a Jos\u00e9 Afonso e Adriano C. de Oliveira no Teatro Circo em Braga. <a href=\"https:\/\/aja.pt\/fevereiro-com-jose-afonso-e-adriano-c-de-oliveira-ii\/\" target=\"_blank\" rel=\"noopener\">Ver +<\/a><\/p>\n<p>Concerto &#8220;Zeca, 25 anos depois&#8221;, em Lisboa. <a href=\"http:\/\/zeca25anosdepois.wordpress.com\/\" target=\"_blank\" rel=\"noopener\">Ver +<\/a><\/p>\n<p>&#8220;Relembrar Zeca Afonso&#8221; na Biblioteca-Museu Rep\u00fablica e Resist\u00eancia. <a href=\"https:\/\/aja.pt\/relembrar-zeca-afonso\/\" target=\"_blank\" rel=\"noopener\">Ver+<\/a><\/p>\n<p>Tert\u00falia em Coimbra. <a href=\"https:\/\/aja.pt\/tertulia-em-coimbra-lembra-jose-afonso\/\" target=\"_blank\" rel=\"noopener\">Ver +<\/a><\/p>\n<p>Conv\u00edvio para recordar Zeca Afonso, no Barreiro. <a href=\"http:\/\/www.rostos.pt\/inicio2.asp?cronica=122913&amp;mostra=2\" target=\"_blank\" rel=\"noopener\">Ver +<\/a><\/p>\n<p>25 poemas de Jos\u00e9 Afonso ditos em Set\u00fabal. <a href=\"https:\/\/aja.pt\/recordando-jose-afonso-em-setubal\/\" target=\"_blank\" rel=\"noopener\">Ver +<\/a><\/p>\n<p>&#8220;Interven\u00e7\u00f5es em mem\u00f3ria de Zeca Afonso&#8221;, em Bragan\u00e7a. <a href=\"https:\/\/aja.pt\/intervencoes-em-memoria-de-zeca-afonso\/\" target=\"_blank\" rel=\"noopener\">Ver +<\/a><\/p>\n<p>Cantares do Andarilho, em Famalic\u00e3o. <a href=\"http:\/\/casadasartes.blogspot.com\/2012\/01\/ivo-machado-cantares-do-andarilho.html\" target=\"_blank\" rel=\"noopener\">Ver +<\/a><\/p>\n<p>Evoca\u00e7\u00e3o de Jos\u00e9 Afonso pela Academia M.R. 8 de Janeiro. <a href=\"https:\/\/aja.pt\/evocacao-de-jose-afonso-pela-academia-m-r-8-de-janeiro\/\" target=\"_blank\" rel=\"noopener\">Ver +<\/a><\/p>\n<p>Document\u00e1rio &#8220;Maior que o pensamento&#8221; na RTP1. <a href=\"https:\/\/aja.pt\/maior-que-o-pensamento-na-rtp1\/\" target=\"_blank\" rel=\"noopener\">Ver +<\/a><\/p>\n<p>&#8220;Jos\u00e9 Afonso ao vivo no Coliseu&#8221; na RTP Mem\u00f3ria. <a href=\"http:\/\/www.rtp.pt\/rtpmemoria\/?headline=15&amp;visual=6&amp;datai=&amp;dia=23-02-2012&amp;sem=e&amp;idioma=&amp;canal=9&amp;gen=&amp;time=&amp;title=RTP-Memoria\" target=\"_blank\" rel=\"noopener\">Ver +<\/a><\/p>\n<p>Poesia de Jos\u00e9 Afonso na Antena 1. <a href=\"http:\/\/www.rtp.pt\/icmblogs\/rtp\/os-dias-da-radio\/index.php?k=ZECA-AFONSO---25-ANOS.rtp&amp;post=38247\" target=\"_blank\" rel=\"noopener\">Ver +<\/a><\/p>\n<p>&nbsp;<\/p>\n<p><strong>Dia 24.2.2012<\/strong><\/p>\n<p>Transmiss\u00e3o, em directo (21h30), do concerto de 6\u00aa-feira, do tributo a Jos\u00e9 Afonso e Adriano C. de Oliveira no Teatro Circo em Braga. <a href=\"http:\/\/www.theatrocirco.com\/agenda\/evento.php?id=805\" target=\"_blank\" rel=\"noopener\">Ver + <\/a><\/p>\n<p>&#8220;Venha cantar o Zeca&#8221; no Seixal. <a href=\"https:\/\/aja.pt\/dia-24-de-fevereiro-no-seixal\/\" target=\"_blank\" rel=\"noopener\">Ver + <\/a><\/p>\n<p>Jantar-homenagem no Barreiro. <a href=\"https:\/\/aja.pt\/zeca-afonso-homenageado-no-barreiro\/\" target=\"_blank\" rel=\"noopener\">Ver +<\/a><\/p>\n<p>&#8220;Animar a malta&#8221; em Santa Maria, A\u00e7ores. <a href=\"https:\/\/aja.pt\/animar-a-malta-em-santa-maria-nos-acores\/\" target=\"_blank\" rel=\"noopener\">Ver + <\/a><\/p>\n<p>&nbsp;<\/p>\n<p><strong>Dia 25.2.2012<\/strong><\/p>\n<p>Concerto de homenagem a Jos\u00e9 Afonso, em Barcelona, pelos Drumming. <a href=\"http:\/\/www.auditori.cat\/ct\/programacio\/fitxa.aspx?idconcert=2400&amp;cicle_id=\" target=\"_blank\" rel=\"noopener\">Ver +<\/a><\/p>\n","protected":false},"excerpt":{"rendered":"<p>&nbsp; Durante todo o m\u00eas de Fevereiro &#8220;Zeca em Fevereiro&#8221; em Newark, E.U.A. Ver + &nbsp; De 20 a 24 de Fevereiro Semana dedicada a Jos\u00e9 Afonso promovida pela A. A. C. Ver + &nbsp; Dia 23.2.2012 A TSF lembra Jos\u00e9 Afonso. Ver + Uma aula sobre Jos\u00e9 Afonso em Gr\u00e2ndola. Ver + Tributo a [&hellip;]<\/p>\n","protected":false},"author":5,"featured_media":13630,"comment_status":"open","ping_status":"open","sticky":false,"template":"","format":"standard","meta":[],"categories":[291,287],"tags":[],"_links":{"self":[{"href":"https:\/\/aja.pt\/en\/wp-json\/wp\/v2\/posts\/13623"}],"collection":[{"href":"https:\/\/aja.pt\/en\/wp-json\/wp\/v2\/posts"}],"about":[{"href":"https:\/\/aja.pt\/en\/wp-json\/wp\/v2\/types\/post"}],"author":[{"embeddable":true,"href":"https:\/\/aja.pt\/en\/wp-json\/wp\/v2\/users\/5"}],"replies":[{"embeddable":true,"href":"https:\/\/aja.pt\/en\/wp-json\/wp\/v2\/comments?post=13623"}],"version-history":[{"count":0,"href":"https:\/\/aja.pt\/en\/wp-json\/wp\/v2\/posts\/13623\/revisions"}],"wp:featuredmedia":[{"embeddable":true,"href":"https:\/\/aja.pt\/en\/wp-json\/wp\/v2\/media\/13630"}],"wp:attachment":[{"href":"https:\/\/aja.pt\/en\/wp-json\/wp\/v2\/media?parent=13623"}],"wp:term":[{"taxonomy":"category","embeddable":true,"href":"https:\/\/aja.pt\/en\/wp-json\/wp\/v2\/categories?post=13623"},{"taxonomy":"post_tag","embeddable":true,"href":"https:\/\/aja.pt\/en\/wp-json\/wp\/v2\/tags?post=13623"}],"curies":[{"name":"wp","href":"https:\/\/api.w.org\/{rel}","templated":true}]}}