{"id":13576,"date":"2012-02-19T22:01:39","date_gmt":"2012-02-19T22:01:39","guid":{"rendered":"https:\/\/aja.pt\/?p=13576"},"modified":"2021-12-17T11:37:54","modified_gmt":"2021-12-17T11:37:54","slug":"o-poeta-da-musica-morreu-ha-25-anos","status":"publish","type":"post","link":"https:\/\/aja.pt\/en\/o-poeta-da-musica-morreu-ha-25-anos\/","title":{"rendered":"O poeta da m\u00fasica morreu h\u00e1 25 anos"},"content":{"rendered":"<p><a href=\"https:\/\/aja.pt\/wp-content\/uploads\/media-archive\/2012\/02\/Correio.jpg\"><img loading=\"lazy\" class=\"alignnone size-full wp-image-13586\" title=\"Correio\" src=\"https:\/\/aja.pt\/wp-content\/uploads\/media-archive\/2012\/02\/Correio.jpg\" alt=\"\" width=\"477\" height=\"298\" \/><\/a><\/p>\n<p><strong>Artigo na revista Domingo, do jornal Correio da Manh\u00e3, de 19.02.2012<\/strong><\/p>\n<p style=\"text-align: justify;\">Do homem para quem um amigo era &#8220;maior que o pensamento&#8221; ficaram mais do que belas can\u00e7\u00f5es. &#8220;Confesso que o que me marcou foi o calor humano. Ele estava sempre rodeado de gente e a possibilidade de se crescer com debates contradit\u00f3rios, que ele promovia, sobre temas que envolviam a nata da m\u00fasica e da literatura, arquitectos, oper\u00e1rios e pastores, foi um privil\u00e9gio&#8221;, recorda Helena Afonso.<br \/>\nA segunda dos quatro filhos de Zeca ainda se emociona ao falar do legado que supera em muito as aus\u00eancias for\u00e7adas de um pai que, no tempo do antigo regime, decidiu cantar \u00e0 esquerda. &#8220;O essencial era a transmiss\u00e3o atrav\u00e9s de afectos, conhecer pessoas, afastar o medo&#8230; Havia quem passasse l\u00e1 por casa em per\u00edodos dif\u00edceis, na clandestinidade, e deixasse umas notas&#8221;, diz.<br \/>\nVinte e cinco anos depois da morte, o cantor que se tornou o arauto da revolu\u00e7\u00e3o de Abril ascendeu ao estatuto de lenda. A mensagem pol\u00edtica superou o m\u00fasico e o poeta. Mas essa faceta ficou nos mais pr\u00f3ximos, que ret\u00eam na mem\u00f3ria &#8220;a pessoa com enorme empenhamento humano, acentuada empatia pelos outros e sens\u00edvel ao que se passava \u00e0 sua volta&#8221;.<br \/>\nO tio, &#8220;que tirava do frigor\u00edfico um caril de frango e comia sem aquecer, que passou uma fase vidrado na macrobi\u00f3tica e recebia com imensa alegria na casa branca de Azeit\u00e3o&#8221; influenciou o sobrinho Jo\u00e3o Afonso, o \u00fanico da fam\u00edlia que tamb\u00e9m seguiu a m\u00fasica.<br \/>\nJ\u00e1 doente com Esclerose Lateral Amiotr\u00f3fica (ELA), nos \u00faltimos anos, Jos\u00e9 Afonso lamentava &#8220;que o reduzissem a cantor de interven\u00e7\u00e3o, panflet\u00e1rio&#8221;, lembra Helena.<\/p>\n<p><a href=\"http:\/\/www.cmjornal.xl.pt\/detalhe\/noticias\/outros\/domingo\/o-poeta-da-musica-morreu-ha-25-anos\" target=\"_blank\" rel=\"noopener\">Continuar a ler<\/a><\/p>\n","protected":false},"excerpt":{"rendered":"<p>Artigo na revista Domingo, do jornal Correio da Manh\u00e3, de 19.02.2012 Do homem para quem um amigo era &#8220;maior que o pensamento&#8221; ficaram mais do que belas can\u00e7\u00f5es. &#8220;Confesso que o que me marcou foi o calor humano. Ele estava sempre rodeado de gente e a possibilidade de se crescer com debates contradit\u00f3rios, que ele [&hellip;]<\/p>\n","protected":false},"author":5,"featured_media":13586,"comment_status":"open","ping_status":"open","sticky":false,"template":"","format":"standard","meta":[],"categories":[291,86,197,91],"tags":[],"_links":{"self":[{"href":"https:\/\/aja.pt\/en\/wp-json\/wp\/v2\/posts\/13576"}],"collection":[{"href":"https:\/\/aja.pt\/en\/wp-json\/wp\/v2\/posts"}],"about":[{"href":"https:\/\/aja.pt\/en\/wp-json\/wp\/v2\/types\/post"}],"author":[{"embeddable":true,"href":"https:\/\/aja.pt\/en\/wp-json\/wp\/v2\/users\/5"}],"replies":[{"embeddable":true,"href":"https:\/\/aja.pt\/en\/wp-json\/wp\/v2\/comments?post=13576"}],"version-history":[{"count":0,"href":"https:\/\/aja.pt\/en\/wp-json\/wp\/v2\/posts\/13576\/revisions"}],"wp:featuredmedia":[{"embeddable":true,"href":"https:\/\/aja.pt\/en\/wp-json\/wp\/v2\/media\/13586"}],"wp:attachment":[{"href":"https:\/\/aja.pt\/en\/wp-json\/wp\/v2\/media?parent=13576"}],"wp:term":[{"taxonomy":"category","embeddable":true,"href":"https:\/\/aja.pt\/en\/wp-json\/wp\/v2\/categories?post=13576"},{"taxonomy":"post_tag","embeddable":true,"href":"https:\/\/aja.pt\/en\/wp-json\/wp\/v2\/tags?post=13576"}],"curies":[{"name":"wp","href":"https:\/\/api.w.org\/{rel}","templated":true}]}}