{"id":13553,"date":"2012-02-19T17:18:58","date_gmt":"2012-02-19T17:18:58","guid":{"rendered":"https:\/\/aja.pt\/?p=13553"},"modified":"2021-12-17T11:37:54","modified_gmt":"2021-12-17T11:37:54","slug":"exposicao-discografica-desta-cancao-que-apeteco-inaugura-amanha-em-coimbra","status":"publish","type":"post","link":"https:\/\/aja.pt\/en\/exposicao-discografica-desta-cancao-que-apeteco-inaugura-amanha-em-coimbra\/","title":{"rendered":"Exposi\u00e7\u00e3o discogr\u00e1fica &#8220;Desta can\u00e7\u00e3o que apete\u00e7o&#8221; inaugura amanh\u00e3 em Coimbra"},"content":{"rendered":"<p style=\"text-align: justify;\"><a href=\"https:\/\/aja.pt\/wp-content\/uploads\/media-archive\/2012\/02\/Expo.jpg\"><img loading=\"lazy\" class=\"alignnone size-full wp-image-13554\" title=\"Expo\" src=\"https:\/\/aja.pt\/wp-content\/uploads\/media-archive\/2012\/02\/Expo.jpg\" alt=\"\" width=\"477\" height=\"358\" \/><\/a><br \/>\nA exposi\u00e7\u00e3o discogr\u00e1fica &#8220;Desta can\u00e7\u00e3o que apete\u00e7o &#8211; Obra discogr\u00e1fica de Jos\u00e9 Afonso 1953\/\/1985&#8221; estar\u00e1 patente durante a pr\u00f3xima semana em Coimbra, mais especificamente no n\u00ba 10 da Pra\u00e7a do Com\u00e9rcio (junto ao Pelourinho).<br \/>\nA inaugura\u00e7\u00e3o est\u00e1 prevista para as 11h00 do dia 20.<\/p>\n","protected":false},"excerpt":{"rendered":"<p>A exposi\u00e7\u00e3o discogr\u00e1fica &#8220;Desta can\u00e7\u00e3o que apete\u00e7o &#8211; Obra discogr\u00e1fica de Jos\u00e9 Afonso 1953\/\/1985&#8221; estar\u00e1 patente durante a pr\u00f3xima semana em Coimbra, mais especificamente no n\u00ba 10 da Pra\u00e7a do Com\u00e9rcio (junto ao Pelourinho). A inaugura\u00e7\u00e3o est\u00e1 prevista para as 11h00 do dia 20.<\/p>\n","protected":false},"author":5,"featured_media":13554,"comment_status":"open","ping_status":"open","sticky":false,"template":"","format":"standard","meta":[],"categories":[291,76],"tags":[],"_links":{"self":[{"href":"https:\/\/aja.pt\/en\/wp-json\/wp\/v2\/posts\/13553"}],"collection":[{"href":"https:\/\/aja.pt\/en\/wp-json\/wp\/v2\/posts"}],"about":[{"href":"https:\/\/aja.pt\/en\/wp-json\/wp\/v2\/types\/post"}],"author":[{"embeddable":true,"href":"https:\/\/aja.pt\/en\/wp-json\/wp\/v2\/users\/5"}],"replies":[{"embeddable":true,"href":"https:\/\/aja.pt\/en\/wp-json\/wp\/v2\/comments?post=13553"}],"version-history":[{"count":0,"href":"https:\/\/aja.pt\/en\/wp-json\/wp\/v2\/posts\/13553\/revisions"}],"wp:featuredmedia":[{"embeddable":true,"href":"https:\/\/aja.pt\/en\/wp-json\/wp\/v2\/media\/13554"}],"wp:attachment":[{"href":"https:\/\/aja.pt\/en\/wp-json\/wp\/v2\/media?parent=13553"}],"wp:term":[{"taxonomy":"category","embeddable":true,"href":"https:\/\/aja.pt\/en\/wp-json\/wp\/v2\/categories?post=13553"},{"taxonomy":"post_tag","embeddable":true,"href":"https:\/\/aja.pt\/en\/wp-json\/wp\/v2\/tags?post=13553"}],"curies":[{"name":"wp","href":"https:\/\/api.w.org\/{rel}","templated":true}]}}