{"id":13547,"date":"2012-02-19T02:10:04","date_gmt":"2012-02-19T02:10:04","guid":{"rendered":"https:\/\/aja.pt\/?p=13547"},"modified":"2021-12-17T11:37:54","modified_gmt":"2021-12-17T11:37:54","slug":"bacelona-acolhe-2-concertos-dedicados-a-jose-afonso","status":"publish","type":"post","link":"https:\/\/aja.pt\/en\/bacelona-acolhe-2-concertos-dedicados-a-jose-afonso\/","title":{"rendered":"Barcelona acolhe 2 concertos dedicados a Jos\u00e9 Afonso"},"content":{"rendered":"<p style=\"text-align: jsutify;\"><a href=\"https:\/\/aja.pt\/wp-content\/uploads\/media-archive\/2012\/02\/lauditori.jpg\"><img loading=\"lazy\" class=\"alignnone size-full wp-image-13548\" title=\"l'auditori\" src=\"https:\/\/aja.pt\/wp-content\/uploads\/media-archive\/2012\/02\/lauditori.jpg\" alt=\"\" width=\"477\" height=\"334\" \/><\/a><br \/>\nO <a href=\"http:\/\/www.auditori.cat\/ct\/\" target=\"_blank\" rel=\"noopener\">L&#8217;Auditori<\/a>, em Barcelona, acolhe dois concertos dedicados a Jos\u00e9 Afonso. O primeiro, <a href=\"http:\/\/www.auditori.cat\/ct\/programacio\/fitxa.aspx?idconcert=2400&amp;cicle_id=\" target=\"_blank\" rel=\"noopener\">no dia 25 de Fevereiro<\/a>, fica a cargo do grupo Drumming. O segundo concerto, <a href=\"http:\/\/www.auditori.cat\/ct\/programacio\/fitxa.aspx?idconcert=2377&amp;cicle_id=\" target=\"_blank\" rel=\"noopener\">a 3 de Mar\u00e7o<\/a>, \u00e9 do projecto &#8220;20 can\u00e7\u00f5es para Zeca Afonso&#8221;.<\/p>\n","protected":false},"excerpt":{"rendered":"<p>O L&#8217;Auditori, em Barcelona, acolhe dois concertos dedicados a Jos\u00e9 Afonso. O primeiro, no dia 25 de Fevereiro, fica a cargo do grupo Drumming. O segundo concerto, a 3 de Mar\u00e7o, \u00e9 do projecto &#8220;20 can\u00e7\u00f5es para Zeca Afonso&#8221;.<\/p>\n","protected":false},"author":5,"featured_media":13548,"comment_status":"open","ping_status":"open","sticky":false,"template":"","format":"standard","meta":[],"categories":[291,287],"tags":[],"_links":{"self":[{"href":"https:\/\/aja.pt\/en\/wp-json\/wp\/v2\/posts\/13547"}],"collection":[{"href":"https:\/\/aja.pt\/en\/wp-json\/wp\/v2\/posts"}],"about":[{"href":"https:\/\/aja.pt\/en\/wp-json\/wp\/v2\/types\/post"}],"author":[{"embeddable":true,"href":"https:\/\/aja.pt\/en\/wp-json\/wp\/v2\/users\/5"}],"replies":[{"embeddable":true,"href":"https:\/\/aja.pt\/en\/wp-json\/wp\/v2\/comments?post=13547"}],"version-history":[{"count":0,"href":"https:\/\/aja.pt\/en\/wp-json\/wp\/v2\/posts\/13547\/revisions"}],"wp:featuredmedia":[{"embeddable":true,"href":"https:\/\/aja.pt\/en\/wp-json\/wp\/v2\/media\/13548"}],"wp:attachment":[{"href":"https:\/\/aja.pt\/en\/wp-json\/wp\/v2\/media?parent=13547"}],"wp:term":[{"taxonomy":"category","embeddable":true,"href":"https:\/\/aja.pt\/en\/wp-json\/wp\/v2\/categories?post=13547"},{"taxonomy":"post_tag","embeddable":true,"href":"https:\/\/aja.pt\/en\/wp-json\/wp\/v2\/tags?post=13547"}],"curies":[{"name":"wp","href":"https:\/\/api.w.org\/{rel}","templated":true}]}}