{"id":13542,"date":"2012-02-19T01:48:11","date_gmt":"2012-02-19T01:48:11","guid":{"rendered":"https:\/\/aja.pt\/?p=13542"},"modified":"2021-12-17T11:37:54","modified_gmt":"2021-12-17T11:37:54","slug":"recordando-jose-afonso-em-setubal","status":"publish","type":"post","link":"https:\/\/aja.pt\/en\/recordando-jose-afonso-em-setubal\/","title":{"rendered":"Recordando Jos\u00e9 Afonso, em Set\u00fabal"},"content":{"rendered":"<p><a href=\"https:\/\/aja.pt\/wp-content\/uploads\/media-archive\/2012\/02\/JA.jpg\"><img loading=\"lazy\" class=\"alignnone size-large wp-image-13543\" title=\"JA\" src=\"https:\/\/aja.pt\/wp-content\/uploads\/media-archive\/2012\/02\/JA-538x1024.jpg\" alt=\"\" width=\"477\" height=\"850\" \/><\/a><\/p>\n<p>O La Boh\u00e8me Bar fica na Rua Pereira C\u00e3o n\u00ba11, em Set\u00fabal<br \/>\n<a href=\"http:\/\/labohemebar.blogspot.com\/\" target=\"_blank\" rel=\"noopener\">Mais informa\u00e7\u00e3o aqui<\/a>.<\/p>\n","protected":false},"excerpt":{"rendered":"<p>O La Boh\u00e8me Bar fica na Rua Pereira C\u00e3o n\u00ba11, em Set\u00fabal Mais informa\u00e7\u00e3o aqui.<\/p>\n","protected":false},"author":5,"featured_media":13543,"comment_status":"open","ping_status":"open","sticky":false,"template":"","format":"standard","meta":[],"categories":[291],"tags":[],"_links":{"self":[{"href":"https:\/\/aja.pt\/en\/wp-json\/wp\/v2\/posts\/13542"}],"collection":[{"href":"https:\/\/aja.pt\/en\/wp-json\/wp\/v2\/posts"}],"about":[{"href":"https:\/\/aja.pt\/en\/wp-json\/wp\/v2\/types\/post"}],"author":[{"embeddable":true,"href":"https:\/\/aja.pt\/en\/wp-json\/wp\/v2\/users\/5"}],"replies":[{"embeddable":true,"href":"https:\/\/aja.pt\/en\/wp-json\/wp\/v2\/comments?post=13542"}],"version-history":[{"count":0,"href":"https:\/\/aja.pt\/en\/wp-json\/wp\/v2\/posts\/13542\/revisions"}],"wp:featuredmedia":[{"embeddable":true,"href":"https:\/\/aja.pt\/en\/wp-json\/wp\/v2\/media\/13543"}],"wp:attachment":[{"href":"https:\/\/aja.pt\/en\/wp-json\/wp\/v2\/media?parent=13542"}],"wp:term":[{"taxonomy":"category","embeddable":true,"href":"https:\/\/aja.pt\/en\/wp-json\/wp\/v2\/categories?post=13542"},{"taxonomy":"post_tag","embeddable":true,"href":"https:\/\/aja.pt\/en\/wp-json\/wp\/v2\/tags?post=13542"}],"curies":[{"name":"wp","href":"https:\/\/api.w.org\/{rel}","templated":true}]}}