{"id":13532,"date":"2012-02-17T21:10:58","date_gmt":"2012-02-17T21:10:58","guid":{"rendered":"https:\/\/aja.pt\/?p=13532"},"modified":"2021-12-17T11:37:54","modified_gmt":"2021-12-17T11:37:54","slug":"zeca-afonso-homenageado-no-barreiro","status":"publish","type":"post","link":"https:\/\/aja.pt\/en\/zeca-afonso-homenageado-no-barreiro\/","title":{"rendered":"Zeca Afonso homenageado no Barreiro"},"content":{"rendered":"<p style=\"text-align: justify;\">A <a href=\"http:\/\/associacaogabv.net84.net\/\" target=\"_blank\" rel=\"noopener\">Associa\u00e7\u00e3o \u201cGrupo dos Amigos do Barreiro Velho\u201d<\/a> homenageia Zeca Afonso, por ocasi\u00e3o da data dos 25 anos da sua morte.<br \/>\nZeca Afonso sempre esteve e continua a estar com os que lutam por um mundo melhor.<br \/>\nPassados 25 anos, as suas can\u00e7\u00f5es mant\u00eam toda a atualidade.<br \/>\nPor isso, no dia 24 de Fevereiro, pelas 20h, no <a href=\"http:\/\/opialbarreiro.wordpress.com\/\" target=\"_blank\" rel=\"noopener\">restaurante \u201cO Pial\u201d<\/a>, vamos jantar e juntar as vozes, para lembrar o Zeca.<br \/>\nSe quiser juntar-se ao evento, ter\u00e1 de se inscrever.<br \/>\nDever\u00e1 faz\u00ea-lo para o 914523568, at\u00e9 dia 23 de Fevereiro.<br \/>\nEsperamos por si!<br \/>\nQue \u201cvenham mais cinco\u201d!<\/p>\n<p>At\u00e9 l\u00e1!<br \/>\nRos\u00e1rio Vaz<\/p>\n<p><a href=\"http:\/\/www.rostos.pt\/inicio2.asp?cronica=61127&amp;mostra=2\" target=\"_blank\" rel=\"noopener\">Rostos on-line<\/a><\/p>\n<p><a href=\"https:\/\/aja.pt\/wp-content\/uploads\/media-archive\/2012\/02\/barreiro.jpg\"><img loading=\"lazy\" class=\"alignnone size-full wp-image-13533\" title=\"barreiro\" src=\"https:\/\/aja.pt\/wp-content\/uploads\/media-archive\/2012\/02\/barreiro.jpg\" alt=\"\" width=\"477\" height=\"253\" \/><\/a><\/p>\n","protected":false},"excerpt":{"rendered":"<p>A Associa\u00e7\u00e3o \u201cGrupo dos Amigos do Barreiro Velho\u201d homenageia Zeca Afonso, por ocasi\u00e3o da data dos 25 anos da sua morte. Zeca Afonso sempre esteve e continua a estar com os que lutam por um mundo melhor. Passados 25 anos, as suas can\u00e7\u00f5es mant\u00eam toda a atualidade. Por isso, no dia 24 de Fevereiro, pelas [&hellip;]<\/p>\n","protected":false},"author":5,"featured_media":13533,"comment_status":"open","ping_status":"open","sticky":false,"template":"","format":"standard","meta":[],"categories":[291],"tags":[],"_links":{"self":[{"href":"https:\/\/aja.pt\/en\/wp-json\/wp\/v2\/posts\/13532"}],"collection":[{"href":"https:\/\/aja.pt\/en\/wp-json\/wp\/v2\/posts"}],"about":[{"href":"https:\/\/aja.pt\/en\/wp-json\/wp\/v2\/types\/post"}],"author":[{"embeddable":true,"href":"https:\/\/aja.pt\/en\/wp-json\/wp\/v2\/users\/5"}],"replies":[{"embeddable":true,"href":"https:\/\/aja.pt\/en\/wp-json\/wp\/v2\/comments?post=13532"}],"version-history":[{"count":0,"href":"https:\/\/aja.pt\/en\/wp-json\/wp\/v2\/posts\/13532\/revisions"}],"wp:featuredmedia":[{"embeddable":true,"href":"https:\/\/aja.pt\/en\/wp-json\/wp\/v2\/media\/13533"}],"wp:attachment":[{"href":"https:\/\/aja.pt\/en\/wp-json\/wp\/v2\/media?parent=13532"}],"wp:term":[{"taxonomy":"category","embeddable":true,"href":"https:\/\/aja.pt\/en\/wp-json\/wp\/v2\/categories?post=13532"},{"taxonomy":"post_tag","embeddable":true,"href":"https:\/\/aja.pt\/en\/wp-json\/wp\/v2\/tags?post=13532"}],"curies":[{"name":"wp","href":"https:\/\/api.w.org\/{rel}","templated":true}]}}