{"id":12803,"date":"2011-12-19T12:45:03","date_gmt":"2011-12-19T12:45:03","guid":{"rendered":"https:\/\/aja.pt\/?p=12803"},"modified":"2021-12-17T11:37:55","modified_gmt":"2021-12-17T11:37:55","slug":"19-12-1961-a-morte-saiu-a-rua-num-dia-assim","status":"publish","type":"post","link":"https:\/\/aja.pt\/en\/19-12-1961-a-morte-saiu-a-rua-num-dia-assim\/","title":{"rendered":"19.12.1961 &#8211; A morte saiu \u00e0 rua num dia assim!"},"content":{"rendered":"<p><iframe loading=\"lazy\" width=\"478\" height=\"300\" src=\"http:\/\/www.youtube.com\/embed\/2yZkC3YCU20\" frameborder=\"0\" allowfullscreen><\/iframe><\/p>\n<p style=\"text-align: justify;\">Dias Coelho nasceu em Pinhel, pr\u00f3ximo da Guarda. Ainda muito jovem aderiu \u00e0 Frente Acad\u00e9mica Antifascista, e mais tarde, j\u00e1 aluno da Escola de Belas Artes de Lisboa, ao MUD Juvenil, em 1946. Participante em v\u00e1rias lutas estudantis em 1947, aderiu de seguida ao Partido Comunista Portugu\u00eas e, em 1949, foi detido pela PIDE depois de participar na campanha presidencial de Norton de Matos. Em 1952, expulso da Escola Superior de Belas Artes e impedido de ingressar em qualquer faculdade do pa\u00eds, \u00e9 tamb\u00e9m demitido do lugar de professor do Ensino T\u00e9cnico.<br \/>\nFoi assassinado a tiro, pela PIDE, em 19 de Dezembro de 1961, na Rua da Creche, que hoje tem o seu nome, junto ao Largo do Calv\u00e1rio, em Lisboa.<br \/>\nJos\u00e9 Afonso, no \u00e1lbum \u201cEU VOU SER COMO A TOUPEIRA\u201d, gravado nos est\u00fadios Celada em Madrid, 1972, coloca na faixa 1 \u201c A morte saiu \u00e0 rua\u201d !<br \/>\nFaz hoje 50 anos\u2026mas como cantava Adriano Correia de Oliveira\u2026n\u00e3o h\u00e1 ventos que n\u00e3o prestem nem mar\u00e9s que n\u00e3o convenham!<br \/>\nPorque\u2026a mem\u00f3ria NUNCA se apaga\u2026 nunca!<br \/>\nAquele abra\u00e7o\u2026\u201dpintor\u201d!<br \/>\nAJA<\/p>\n","protected":false},"excerpt":{"rendered":"<p>Dias Coelho nasceu em Pinhel, pr\u00f3ximo da Guarda. Ainda muito jovem aderiu \u00e0 Frente Acad\u00e9mica Antifascista, e mais tarde, j\u00e1 aluno da Escola de Belas Artes de Lisboa, ao MUD Juvenil, em 1946. Participante em v\u00e1rias lutas estudantis em 1947, aderiu de seguida ao Partido Comunista Portugu\u00eas e, em 1949, foi detido pela PIDE depois [&hellip;]<\/p>\n","protected":false},"author":5,"featured_media":12808,"comment_status":"open","ping_status":"open","sticky":false,"template":"","format":"standard","meta":[],"categories":[402],"tags":[],"_links":{"self":[{"href":"https:\/\/aja.pt\/en\/wp-json\/wp\/v2\/posts\/12803"}],"collection":[{"href":"https:\/\/aja.pt\/en\/wp-json\/wp\/v2\/posts"}],"about":[{"href":"https:\/\/aja.pt\/en\/wp-json\/wp\/v2\/types\/post"}],"author":[{"embeddable":true,"href":"https:\/\/aja.pt\/en\/wp-json\/wp\/v2\/users\/5"}],"replies":[{"embeddable":true,"href":"https:\/\/aja.pt\/en\/wp-json\/wp\/v2\/comments?post=12803"}],"version-history":[{"count":0,"href":"https:\/\/aja.pt\/en\/wp-json\/wp\/v2\/posts\/12803\/revisions"}],"wp:featuredmedia":[{"embeddable":true,"href":"https:\/\/aja.pt\/en\/wp-json\/wp\/v2\/media\/12808"}],"wp:attachment":[{"href":"https:\/\/aja.pt\/en\/wp-json\/wp\/v2\/media?parent=12803"}],"wp:term":[{"taxonomy":"category","embeddable":true,"href":"https:\/\/aja.pt\/en\/wp-json\/wp\/v2\/categories?post=12803"},{"taxonomy":"post_tag","embeddable":true,"href":"https:\/\/aja.pt\/en\/wp-json\/wp\/v2\/tags?post=12803"}],"curies":[{"name":"wp","href":"https:\/\/api.w.org\/{rel}","templated":true}]}}